{"id":18255,"date":"2022-06-17T12:53:17","date_gmt":"2022-06-17T10:53:17","guid":{"rendered":"https:\/\/www.bischoff-scheck.de\/wirtschaftsingenieur-m-w-d\/"},"modified":"2022-06-17T12:53:18","modified_gmt":"2022-06-17T10:53:18","slug":"wirtschaftsingenieur-m-w-d","status":"publish","type":"post","link":"https:\/\/www.bischoff-scheck.de\/en\/wirtschaftsingenieur-m-w-d\/","title":{"rendered":"Wirtschaftsingenieur (m\/w\/d)"},"content":{"rendered":"<div class=\"flex_column av_one_full  flex_column_div av-zero-column-padding first  avia-builder-el-0  el_before_av_one_full  avia-builder-el-first  \" style='border-radius:0px; '><\/div>\n<div class=\"flex_column av_one_full  flex_column_div av-zero-column-padding first  avia-builder-el-1  el_after_av_one_full  el_before_av_one_full  column-top-margin\" style='border-radius:0px; '><\/div>\n<div class=\"flex_column av_one_full  flex_column_div av-zero-column-padding first  avia-builder-el-2  el_after_av_one_full  el_before_av_textblock  column-top-margin\" style='border-radius:0px; '><\/div>\n<section class=\"av_textblock_section \"  itemscope=\"itemscope\" itemtype=\"https:\/\/schema.org\/BlogPosting\" itemprop=\"blogPost\" ><div class='avia_textblock  '   itemprop=\"text\" ><p>Die Bischoff + Scheck AG entwickelt Spezialfahrzeuge. Vom Baden Airpark in Rheinm\u00fcnster s\u00fcdlich von Karlsruhe, gehen unsere Fahrzeuge um die ganze Welt. Auf unserem Gebiet sind wir f\u00fchrend \u2013 unsere Premiumfahrzeuge werden von den besten Rennteams diverser Motorsportserien und f\u00fcr die bekanntesten Brands genutzt. Wir fertigen Spezialtrucks der besonderen Art \u2013 von Racetrailern und Motorhomes f\u00fcr die Formel 1, Moto GP usw, \u00fcber mobile Labore f\u00fcr Medizin und Industrie, Leitst\u00e4nde, Promotionmobile bis hin zum Offroad-Wohnmobil und vieles mehr.<\/p>\n<p><strong>Als st\u00e4ndig wachsendes Unternehmen suchen wir engagierte Mitarbeiter f\u00fcr unsere anspruchsvollen Projekte, denn hochqualifizierte, motivierte Mitarbeiter sind die Basis unseres Erfolgs.<\/strong><\/p>\n<p>Zur Verst\u00e4rkung unseres Teams suchen wir f\u00fcr unseren Standort in Rheinm\u00fcnster<\/p>\n<h1><strong>Wirtschafsingenieur (m\/w\/d) <br class=\"avia-permanent-lb\" \/>\u00a0 <br class=\"avia-permanent-lb\" \/><\/strong><\/h1>\n<h3><\/h3>\n<h3>Ihre Aufgaben &#8211; darauf k\u00f6nnen Sie sich freuen:<\/h3>\n<ul>\n<li>Koordination von betrieblichen Abl\u00e4ufen zwischen Konstruktion und Produktion<\/li>\n<li>Administration und Pflege der genutzten Anwendungen (ERP, CRM, BDE)<\/li>\n<li>Administration des internen Netzes<\/li>\n<li>Erster Ansprechpartner f\u00fcr unser ERP System abas und unseres CRM System salesforce<\/li>\n<li>Der Betrieb unseres ERP Systems abas und der dazugeh\u00f6rigen Schnittstellen wird von Ihnen sichergestellt<\/li>\n<li>Sie analysieren bestehende Gesch\u00e4ftsprozesse im ERP-System und treiben die stetige Optimierung voran<\/li>\n<li>Gemeinsam mit der Gesch\u00e4ftsleitung setzen Sie Projekte zur stetigen Verbesserung der Systemlandschaften um<\/li>\n<li>Mitgestaltung von modernen IT-gest\u00fctzten Gesch\u00e4ftsprozessen in allen Unternehmensbereichen<\/li>\n<\/ul>\n<h3>Ihr Profil &#8211; das bringen Sie mit:<\/h3>\n<ul>\n<li>Abgeschlossenes Studium als Wirtschaftsingenieur<\/li>\n<li>Affinit\u00e4t zu ERP\/CRM\/BDE-Systemen um in diesen Bereichen neben strukturellen auch administrativen Aufgaben \u00fcbernehmen zu k\u00f6nnen<\/li>\n<li>Neben klassischen MS-Office-Anwendungen sind Sie sicher im Umgang mit g\u00e4ngigen CRM-Tools (vorzugsweise Salesforce) und haben bereits Erfahrungen mit einem ERP-System (vorzugsweise abas)<\/li>\n<li>Kommunikativ und teamorientiert<\/li>\n<li>Selbst\u00e4ndige und verantwortungsbewusste Arbeitsweise<\/li>\n<li>Flexibilit\u00e4t ist f\u00fcr Sie kein Fremdwort<\/li>\n<li>Sichere Deutsch- und Englischkenntnisse sind f\u00fcr Sie selbstverst\u00e4ndlich.<\/li>\n<\/ul>\n<h3>Wir bieten &#8211; das bieten wir Ihnen:<\/h3>\n<ul>\n<li>Unbefristeter Arbeitsvertrag<\/li>\n<li>Leistungsorientierte Verg\u00fctung<\/li>\n<li>Fort- und Weiterbildungen<\/li>\n<li>Betriebliche Altersvorsorge \/ Zusch\u00fcsse gestaffelt nach Betriebszugeh\u00f6rigkeit<\/li>\n<li>Firmenbike \/ Arbeitgeberbeteiligung gestaffelt nach Betriebszugeh\u00f6rigkeit<\/li>\n<li>Firmenunfallversicherung<\/li>\n<\/ul>\n<h3>Interesse?<\/h3>\n<p>Wenn Sie an dieser spannenden und abwechslungsreichen Aufgabe interessiert sind, freuen wir uns \u00fcber die Zusendung Ihrer vollst\u00e4ndigen Bewerbungsunterlagen an <a href=\"mailto:bewerbung@bischoff-scheck.de\">bewerbung@bischoff-scheck.de<\/a> mit Angabe Ihrer Gehaltsvorstellung und Ihres fr\u00fchestm\u00f6glichen Einstiegstermins. Bei R\u00fcckfragen und weiteren Informationen steht Ihnen Claudia Bischoff unter 07229\/18680-60 zur Verf\u00fcgung.<\/p>\n<p><strong>Hier k\u00f6nnen Sie die Stellenanzeige als <a href=\"https:\/\/www.bischoff-scheck.de\/wp-content\/uploads\/2022\/06\/Wirtschaftsingenieur_2022_06_01.pdf\" target=\"_blank\" rel=\"noopener\">pdf<\/a> herunterladen.<\/strong><\/p>\n<\/div><\/section>\n","protected":false},"excerpt":{"rendered":"","protected":false},"author":12,"featured_media":17913,"comment_status":"closed","ping_status":"closed","sticky":false,"template":"","format":"standard","meta":{"_acf_changed":false,"footnotes":""},"categories":[110],"tags":[538,567,569,568,739],"class_list":["post-18255","post","type-post","status-publish","format-standard","has-post-thumbnail","hentry","category-jobs-en","tag-bischoffscheck-en-2","tag-gesucht-en","tag-rheinmuenster-en","tag-stellenangebote-en","tag-wirtschaftsingenieur-en"],"acf":[],"yoast_head":"<!-- This site is optimized with the Yoast SEO Premium plugin v27.1 (Yoast SEO v27.1.1) - https:\/\/yoast.com\/product\/yoast-seo-premium-wordpress\/ -->\n<title>Wirtschafsingenieur (m\/w\/d): Stellenangebot<\/title>\n<meta name=\"description\" content=\"Zur Verst\u00e4rkung unseres Teams suchen wir ein Wirtschafsingenieur (m\/w\/d) f\u00fcr unseren Standort in Rheinm\u00fcnster\" \/>\n<meta name=\"robots\" content=\"index, follow, max-snippet:-1, max-image-preview:large, max-video-preview:-1\" \/>\n<link rel=\"canonical\" href=\"https:\/\/www.bischoff-scheck.de\/wirtschafstingenieur-m-w-d\/\" \/>\n<meta property=\"og:locale\" content=\"en_US\" \/>\n<meta property=\"og:type\" content=\"article\" \/>\n<meta property=\"og:title\" content=\"Wirtschaftsingenieur (m\/w\/d)\" \/>\n<meta property=\"og:description\" content=\"Zur Verst\u00e4rkung unseres Teams suchen wir ein Wirtschafsingenieur (m\/w\/d) f\u00fcr unseren Standort in Rheinm\u00fcnster\" \/>\n<meta property=\"og:url\" content=\"https:\/\/www.bischoff-scheck.de\/wirtschafstingenieur-m-w-d\/\" \/>\n<meta property=\"og:site_name\" content=\"Bischoff + Scheck GmbH - Spezialisten im Fahrzeugbau\" \/>\n<meta property=\"article:published_time\" content=\"2022-06-17T10:53:17+00:00\" \/>\n<meta property=\"article:modified_time\" content=\"2022-06-17T10:53:18+00:00\" \/>\n<meta property=\"og:image\" content=\"https:\/\/www.bischoff-scheck.de\/wp-content\/uploads\/2022\/02\/bild_sachbearbeiter-vertrieb.jpg\" \/>\n\t<meta property=\"og:image:width\" content=\"1140\" \/>\n\t<meta property=\"og:image:height\" content=\"625\" \/>\n\t<meta property=\"og:image:type\" content=\"image\/jpeg\" \/>\n<meta name=\"author\" content=\"bs-firma2\" \/>\n<meta name=\"twitter:card\" content=\"summary_large_image\" \/>\n<meta name=\"twitter:label1\" content=\"Written by\" \/>\n\t<meta name=\"twitter:data1\" content=\"bs-firma2\" \/>\n\t<meta name=\"twitter:label2\" content=\"Est. reading time\" \/>\n\t<meta name=\"twitter:data2\" content=\"4 minutes\" \/>\n<script type=\"application\/ld+json\" class=\"yoast-schema-graph\">{\"@context\":\"https:\/\/schema.org\",\"@graph\":[{\"@type\":\"Article\",\"@id\":\"https:\/\/www.bischoff-scheck.de\/wirtschafstingenieur-m-w-d\/#article\",\"isPartOf\":{\"@id\":\"https:\/\/www.bischoff-scheck.de\/wirtschafstingenieur-m-w-d\/\"},\"author\":{\"name\":\"bs-firma2\",\"@id\":\"https:\/\/www.bischoff-scheck.de\/#\/schema\/person\/b2fec68290c16eaccde23a1a80b4f6f3\"},\"headline\":\"Wirtschaftsingenieur (m\/w\/d)\",\"datePublished\":\"2022-06-17T10:53:17+00:00\",\"dateModified\":\"2022-06-17T10:53:18+00:00\",\"mainEntityOfPage\":{\"@id\":\"https:\/\/www.bischoff-scheck.de\/wirtschafstingenieur-m-w-d\/\"},\"wordCount\":671,\"publisher\":{\"@id\":\"https:\/\/www.bischoff-scheck.de\/#organization\"},\"image\":{\"@id\":\"https:\/\/www.bischoff-scheck.de\/wirtschafstingenieur-m-w-d\/#primaryimage\"},\"thumbnailUrl\":\"https:\/\/www.bischoff-scheck.de\/wp-content\/uploads\/2022\/02\/bild_sachbearbeiter-vertrieb.jpg\",\"keywords\":[\"Bischoff+Scheck\",\"gesucht\",\"Rheinm\u00fcnster\",\"Stellenangebote\",\"Wirtschaftsingenieur\"],\"articleSection\":[\"Jobs\"],\"inLanguage\":\"en-US\"},{\"@type\":\"WebPage\",\"@id\":\"https:\/\/www.bischoff-scheck.de\/wirtschafstingenieur-m-w-d\/\",\"url\":\"https:\/\/www.bischoff-scheck.de\/wirtschafstingenieur-m-w-d\/\",\"name\":\"Wirtschafsingenieur (m\/w\/d): Stellenangebot\",\"isPartOf\":{\"@id\":\"https:\/\/www.bischoff-scheck.de\/#website\"},\"primaryImageOfPage\":{\"@id\":\"https:\/\/www.bischoff-scheck.de\/wirtschafstingenieur-m-w-d\/#primaryimage\"},\"image\":{\"@id\":\"https:\/\/www.bischoff-scheck.de\/wirtschafstingenieur-m-w-d\/#primaryimage\"},\"thumbnailUrl\":\"https:\/\/www.bischoff-scheck.de\/wp-content\/uploads\/2022\/02\/bild_sachbearbeiter-vertrieb.jpg\",\"datePublished\":\"2022-06-17T10:53:17+00:00\",\"dateModified\":\"2022-06-17T10:53:18+00:00\",\"description\":\"Zur Verst\u00e4rkung unseres Teams suchen wir ein Wirtschafsingenieur (m\/w\/d) f\u00fcr unseren Standort in Rheinm\u00fcnster\",\"breadcrumb\":{\"@id\":\"https:\/\/www.bischoff-scheck.de\/wirtschafstingenieur-m-w-d\/#breadcrumb\"},\"inLanguage\":\"en-US\",\"potentialAction\":[{\"@type\":\"ReadAction\",\"target\":[\"https:\/\/www.bischoff-scheck.de\/wirtschafstingenieur-m-w-d\/\"]}]},{\"@type\":\"ImageObject\",\"inLanguage\":\"en-US\",\"@id\":\"https:\/\/www.bischoff-scheck.de\/wirtschafstingenieur-m-w-d\/#primaryimage\",\"url\":\"https:\/\/www.bischoff-scheck.de\/wp-content\/uploads\/2022\/02\/bild_sachbearbeiter-vertrieb.jpg\",\"contentUrl\":\"https:\/\/www.bischoff-scheck.de\/wp-content\/uploads\/2022\/02\/bild_sachbearbeiter-vertrieb.jpg\",\"width\":1140,\"height\":625,\"caption\":\"Sales Manager\"},{\"@type\":\"BreadcrumbList\",\"@id\":\"https:\/\/www.bischoff-scheck.de\/wirtschafstingenieur-m-w-d\/#breadcrumb\",\"itemListElement\":[{\"@type\":\"ListItem\",\"position\":1,\"name\":\"Startseite\",\"item\":\"https:\/\/www.bischoff-scheck.de\/en\/\"},{\"@type\":\"ListItem\",\"position\":2,\"name\":\"Wirtschaftsingenieur (m\/w\/d)\"}]},{\"@type\":\"WebSite\",\"@id\":\"https:\/\/www.bischoff-scheck.de\/#website\",\"url\":\"https:\/\/www.bischoff-scheck.de\/\",\"name\":\"Bischoff + Scheck GmbH - Spezialisten im Fahrzeugbau\",\"description\":\"Moving Ideas\",\"publisher\":{\"@id\":\"https:\/\/www.bischoff-scheck.de\/#organization\"},\"potentialAction\":[{\"@type\":\"SearchAction\",\"target\":{\"@type\":\"EntryPoint\",\"urlTemplate\":\"https:\/\/www.bischoff-scheck.de\/?s={search_term_string}\"},\"query-input\":{\"@type\":\"PropertyValueSpecification\",\"valueRequired\":true,\"valueName\":\"search_term_string\"}}],\"inLanguage\":\"en-US\"},{\"@type\":\"Organization\",\"@id\":\"https:\/\/www.bischoff-scheck.de\/#organization\",\"name\":\"Bischoff + Scheck AG\",\"url\":\"https:\/\/www.bischoff-scheck.de\/\",\"logo\":{\"@type\":\"ImageObject\",\"inLanguage\":\"en-US\",\"@id\":\"https:\/\/www.bischoff-scheck.de\/#\/schema\/logo\/image\/\",\"url\":\"https:\/\/www.bischoff-scheck.de\/wp-content\/uploads\/2020\/12\/BS_Wortmarke_Black-1.png\",\"contentUrl\":\"https:\/\/www.bischoff-scheck.de\/wp-content\/uploads\/2020\/12\/BS_Wortmarke_Black-1.png\",\"width\":1030,\"height\":105,\"caption\":\"Bischoff + Scheck AG\"},\"image\":{\"@id\":\"https:\/\/www.bischoff-scheck.de\/#\/schema\/logo\/image\/\"}},{\"@type\":\"Person\",\"@id\":\"https:\/\/www.bischoff-scheck.de\/#\/schema\/person\/b2fec68290c16eaccde23a1a80b4f6f3\",\"name\":\"bs-firma2\",\"url\":\"https:\/\/www.bischoff-scheck.de\/en\/author\/bs-firma2\/\"}]}<\/script>\n<!-- \/ Yoast SEO Premium plugin. -->","yoast_head_json":{"title":"Wirtschafsingenieur (m\/w\/d): Stellenangebot","description":"Zur Verst\u00e4rkung unseres Teams suchen wir ein Wirtschafsingenieur (m\/w\/d) f\u00fcr unseren Standort in Rheinm\u00fcnster","robots":{"index":"index","follow":"follow","max-snippet":"max-snippet:-1","max-image-preview":"max-image-preview:large","max-video-preview":"max-video-preview:-1"},"canonical":"https:\/\/www.bischoff-scheck.de\/wirtschafstingenieur-m-w-d\/","og_locale":"en_US","og_type":"article","og_title":"Wirtschaftsingenieur (m\/w\/d)","og_description":"Zur Verst\u00e4rkung unseres Teams suchen wir ein Wirtschafsingenieur (m\/w\/d) f\u00fcr unseren Standort in Rheinm\u00fcnster","og_url":"https:\/\/www.bischoff-scheck.de\/wirtschafstingenieur-m-w-d\/","og_site_name":"Bischoff + Scheck GmbH - Spezialisten im Fahrzeugbau","article_published_time":"2022-06-17T10:53:17+00:00","article_modified_time":"2022-06-17T10:53:18+00:00","og_image":[{"width":1140,"height":625,"url":"https:\/\/www.bischoff-scheck.de\/wp-content\/uploads\/2022\/02\/bild_sachbearbeiter-vertrieb.jpg","type":"image\/jpeg"}],"author":"bs-firma2","twitter_card":"summary_large_image","twitter_misc":{"Written by":"bs-firma2","Est. reading time":"4 minutes"},"schema":{"@context":"https:\/\/schema.org","@graph":[{"@type":"Article","@id":"https:\/\/www.bischoff-scheck.de\/wirtschafstingenieur-m-w-d\/#article","isPartOf":{"@id":"https:\/\/www.bischoff-scheck.de\/wirtschafstingenieur-m-w-d\/"},"author":{"name":"bs-firma2","@id":"https:\/\/www.bischoff-scheck.de\/#\/schema\/person\/b2fec68290c16eaccde23a1a80b4f6f3"},"headline":"Wirtschaftsingenieur (m\/w\/d)","datePublished":"2022-06-17T10:53:17+00:00","dateModified":"2022-06-17T10:53:18+00:00","mainEntityOfPage":{"@id":"https:\/\/www.bischoff-scheck.de\/wirtschafstingenieur-m-w-d\/"},"wordCount":671,"publisher":{"@id":"https:\/\/www.bischoff-scheck.de\/#organization"},"image":{"@id":"https:\/\/www.bischoff-scheck.de\/wirtschafstingenieur-m-w-d\/#primaryimage"},"thumbnailUrl":"https:\/\/www.bischoff-scheck.de\/wp-content\/uploads\/2022\/02\/bild_sachbearbeiter-vertrieb.jpg","keywords":["Bischoff+Scheck","gesucht","Rheinm\u00fcnster","Stellenangebote","Wirtschaftsingenieur"],"articleSection":["Jobs"],"inLanguage":"en-US"},{"@type":"WebPage","@id":"https:\/\/www.bischoff-scheck.de\/wirtschafstingenieur-m-w-d\/","url":"https:\/\/www.bischoff-scheck.de\/wirtschafstingenieur-m-w-d\/","name":"Wirtschafsingenieur (m\/w\/d): Stellenangebot","isPartOf":{"@id":"https:\/\/www.bischoff-scheck.de\/#website"},"primaryImageOfPage":{"@id":"https:\/\/www.bischoff-scheck.de\/wirtschafstingenieur-m-w-d\/#primaryimage"},"image":{"@id":"https:\/\/www.bischoff-scheck.de\/wirtschafstingenieur-m-w-d\/#primaryimage"},"thumbnailUrl":"https:\/\/www.bischoff-scheck.de\/wp-content\/uploads\/2022\/02\/bild_sachbearbeiter-vertrieb.jpg","datePublished":"2022-06-17T10:53:17+00:00","dateModified":"2022-06-17T10:53:18+00:00","description":"Zur Verst\u00e4rkung unseres Teams suchen wir ein Wirtschafsingenieur (m\/w\/d) f\u00fcr unseren Standort in Rheinm\u00fcnster","breadcrumb":{"@id":"https:\/\/www.bischoff-scheck.de\/wirtschafstingenieur-m-w-d\/#breadcrumb"},"inLanguage":"en-US","potentialAction":[{"@type":"ReadAction","target":["https:\/\/www.bischoff-scheck.de\/wirtschafstingenieur-m-w-d\/"]}]},{"@type":"ImageObject","inLanguage":"en-US","@id":"https:\/\/www.bischoff-scheck.de\/wirtschafstingenieur-m-w-d\/#primaryimage","url":"https:\/\/www.bischoff-scheck.de\/wp-content\/uploads\/2022\/02\/bild_sachbearbeiter-vertrieb.jpg","contentUrl":"https:\/\/www.bischoff-scheck.de\/wp-content\/uploads\/2022\/02\/bild_sachbearbeiter-vertrieb.jpg","width":1140,"height":625,"caption":"Sales Manager"},{"@type":"BreadcrumbList","@id":"https:\/\/www.bischoff-scheck.de\/wirtschafstingenieur-m-w-d\/#breadcrumb","itemListElement":[{"@type":"ListItem","position":1,"name":"Startseite","item":"https:\/\/www.bischoff-scheck.de\/en\/"},{"@type":"ListItem","position":2,"name":"Wirtschaftsingenieur (m\/w\/d)"}]},{"@type":"WebSite","@id":"https:\/\/www.bischoff-scheck.de\/#website","url":"https:\/\/www.bischoff-scheck.de\/","name":"Bischoff + Scheck GmbH - Spezialisten im Fahrzeugbau","description":"Moving Ideas","publisher":{"@id":"https:\/\/www.bischoff-scheck.de\/#organization"},"potentialAction":[{"@type":"SearchAction","target":{"@type":"EntryPoint","urlTemplate":"https:\/\/www.bischoff-scheck.de\/?s={search_term_string}"},"query-input":{"@type":"PropertyValueSpecification","valueRequired":true,"valueName":"search_term_string"}}],"inLanguage":"en-US"},{"@type":"Organization","@id":"https:\/\/www.bischoff-scheck.de\/#organization","name":"Bischoff + Scheck AG","url":"https:\/\/www.bischoff-scheck.de\/","logo":{"@type":"ImageObject","inLanguage":"en-US","@id":"https:\/\/www.bischoff-scheck.de\/#\/schema\/logo\/image\/","url":"https:\/\/www.bischoff-scheck.de\/wp-content\/uploads\/2020\/12\/BS_Wortmarke_Black-1.png","contentUrl":"https:\/\/www.bischoff-scheck.de\/wp-content\/uploads\/2020\/12\/BS_Wortmarke_Black-1.png","width":1030,"height":105,"caption":"Bischoff + Scheck AG"},"image":{"@id":"https:\/\/www.bischoff-scheck.de\/#\/schema\/logo\/image\/"}},{"@type":"Person","@id":"https:\/\/www.bischoff-scheck.de\/#\/schema\/person\/b2fec68290c16eaccde23a1a80b4f6f3","name":"bs-firma2","url":"https:\/\/www.bischoff-scheck.de\/en\/author\/bs-firma2\/"}]}},"_links":{"self":[{"href":"https:\/\/www.bischoff-scheck.de\/en\/wp-json\/wp\/v2\/posts\/18255","targetHints":{"allow":["GET"]}}],"collection":[{"href":"https:\/\/www.bischoff-scheck.de\/en\/wp-json\/wp\/v2\/posts"}],"about":[{"href":"https:\/\/www.bischoff-scheck.de\/en\/wp-json\/wp\/v2\/types\/post"}],"author":[{"embeddable":true,"href":"https:\/\/www.bischoff-scheck.de\/en\/wp-json\/wp\/v2\/users\/12"}],"replies":[{"embeddable":true,"href":"https:\/\/www.bischoff-scheck.de\/en\/wp-json\/wp\/v2\/comments?post=18255"}],"version-history":[{"count":2,"href":"https:\/\/www.bischoff-scheck.de\/en\/wp-json\/wp\/v2\/posts\/18255\/revisions"}],"predecessor-version":[{"id":18257,"href":"https:\/\/www.bischoff-scheck.de\/en\/wp-json\/wp\/v2\/posts\/18255\/revisions\/18257"}],"wp:featuredmedia":[{"embeddable":true,"href":"https:\/\/www.bischoff-scheck.de\/en\/wp-json\/wp\/v2\/media\/17913"}],"wp:attachment":[{"href":"https:\/\/www.bischoff-scheck.de\/en\/wp-json\/wp\/v2\/media?parent=18255"}],"wp:term":[{"taxonomy":"category","embeddable":true,"href":"https:\/\/www.bischoff-scheck.de\/en\/wp-json\/wp\/v2\/categories?post=18255"},{"taxonomy":"post_tag","embeddable":true,"href":"https:\/\/www.bischoff-scheck.de\/en\/wp-json\/wp\/v2\/tags?post=18255"}],"curies":[{"name":"wp","href":"https:\/\/api.w.org\/{rel}","templated":true}]}}