{"id":16837,"date":"2021-07-30T10:18:49","date_gmt":"2021-07-30T08:18:49","guid":{"rendered":"https:\/\/www.bischoff-scheck.de\/company-holiday-2021\/"},"modified":"2022-08-04T13:50:11","modified_gmt":"2022-08-04T11:50:11","slug":"company-holiday-2021","status":"publish","type":"post","link":"https:\/\/www.bischoff-scheck.de\/en\/company-holiday-2021\/","title":{"rendered":"Company Holiday Summer 2022"},"content":{"rendered":"<div class=\"flex_column av_one_full  flex_column_div av-zero-column-padding first  avia-builder-el-0  el_before_av_one_full  avia-builder-el-first  \" style='border-radius:0px; '><\/div>\n<div class=\"flex_column av_one_full  flex_column_div av-zero-column-padding first  avia-builder-el-1  el_after_av_one_full  el_before_av_one_full  column-top-margin\" style='border-radius:0px; '><\/div>\n<div class=\"flex_column av_one_full  flex_column_div av-zero-column-padding first  avia-builder-el-2  el_after_av_one_full  el_before_av_one_full  column-top-margin\" style='border-radius:0px; '><div  class='avia-image-container  av-styling-    avia-builder-el-3  avia-builder-el-no-sibling  avia-align-center '  itemprop=\"image\" itemscope=\"itemscope\" itemtype=\"https:\/\/schema.org\/ImageObject\"  ><div class='avia-image-container-inner'><div class='avia-image-overlay-wrap'><img decoding=\"async\" class='wp-image-10005 avia-img-lazy-loading-not-10005 avia_image' src=\"https:\/\/www.bischoff-scheck.de\/wp-content\/uploads\/2020\/08\/Betriebsferien_1500x900-1030x618.jpg\" alt='Picture company vacation' title='company_vacations_1500x900' height=\"618\" width=\"1030\"  itemprop=\"thumbnailUrl\" srcset=\"https:\/\/www.bischoff-scheck.de\/wp-content\/uploads\/2020\/08\/Betriebsferien_1500x900-1030x618.jpg 1030w, https:\/\/www.bischoff-scheck.de\/wp-content\/uploads\/2020\/08\/Betriebsferien_1500x900-300x180.jpg 300w, https:\/\/www.bischoff-scheck.de\/wp-content\/uploads\/2020\/08\/Betriebsferien_1500x900-768x461.jpg 768w, https:\/\/www.bischoff-scheck.de\/wp-content\/uploads\/2020\/08\/Betriebsferien_1500x900-705x423.jpg 705w, https:\/\/www.bischoff-scheck.de\/wp-content\/uploads\/2020\/08\/Betriebsferien_1500x900-450x270.jpg 450w, https:\/\/www.bischoff-scheck.de\/wp-content\/uploads\/2020\/08\/Betriebsferien_1500x900.jpg 1500w\" sizes=\"(max-width: 1030px) 100vw, 1030px\" \/><\/div><\/div><\/div><\/div>\n<div class=\"flex_column av_one_full  flex_column_div av-zero-column-padding first  avia-builder-el-4  el_after_av_one_full  el_before_av_textblock  column-top-margin\" style='border-radius:0px; '><\/div>\n<section class=\"av_textblock_section \"  itemscope=\"itemscope\" itemtype=\"https:\/\/schema.org\/BlogPosting\" itemprop=\"blogPost\" ><div class='avia_textblock  '   itemprop=\"text\" ><h3 style=\"text-align: center;\"><span style=\"font-size: 10.0pt; font-family: 'Verdana',sans-serif; color: #333333;\">Wir machen Betriebsferien vom 09. bis 20. August 2021.<\/span><\/h3>\n<h3 style=\"text-align: center;\"><span style=\"font-size: 10.0pt; font-family: 'Verdana',sans-serif; color: #333333;\">Ab Montag, 23. August 2021 stehen wir Ihnen mit neuen Kr\u00e4ften gerne wieder zur Verf\u00fcgung.<\/span><\/h3>\n<h3 style=\"text-align: center;\"><span style=\"font-size: 10.0pt; font-family: 'Verdana',sans-serif;\">Das ganze Team w\u00fcnscht Ihnen eine sch\u00f6ne und entspannte Sommerzeit!<\/span><\/h3>\n<hr \/>\n<h3 style=\"text-align: center;\"><span style=\"font-size: 10.0pt; font-family: 'Verdana',sans-serif; color: #333333;\">We will be on holiday from 09 until 20 August 2021.<\/span><\/h3>\n<h3 style=\"text-align: center;\"><span style=\"font-size: 10.0pt; font-family: 'Verdana',sans-serif; color: #333333;\">From Monday, 23 August 2021, we will be happy to be at your disposal again.<\/span><\/h3>\n<h3 style=\"text-align: center;\"><span style=\"font-size: 10.0pt; font-family: 'Verdana',sans-serif;\">Our team wishes you a nice and relaxing summer time !<\/span><\/h3>\n<hr \/>\n<h3 style=\"text-align: center;\"><span style=\"font-size: 10.0pt; font-family: 'Verdana',sans-serif; color: #333333;\">Notre <\/span><span style=\"font-size: 10.0pt; font-family: 'Verdana',sans-serif; color: #333333;\">soci\u00e9t\u00e9 sera ferm\u00e9e du 9 au 20 ao\u00fbt 2021. <\/span><\/h3>\n<h3 style=\"text-align: center;\"><span style=\"font-size: 10.0pt; font-family: 'Verdana',sans-serif; color: #333333;\">Nous serons de nouveau disponibles \u00e0 <\/span><span style=\"font-size: 10.0pt; font-family: 'Verdana',sans-serif; color: #333333;\">partir du lundi 23 ao\u00fbt 2021.<\/span><\/h3>\n<h3 style=\"text-align: center;\"><span style=\"font-size: 10.0pt; font-family: 'Verdana',sans-serif;\">Toute notre \u00e9quipe vous souhaite de bonnes vacances !<\/span><\/h3>\n<\/div><\/section>\n<div class=\"flex_column av_one_full  flex_column_div av-zero-column-padding first  avia-builder-el-6  el_after_av_textblock  avia-builder-el-last  column-top-margin\" style='border-radius:0px; '><\/div>\n","protected":false},"excerpt":{"rendered":"","protected":false},"author":12,"featured_media":18374,"comment_status":"closed","ping_status":"closed","sticky":false,"template":"","format":"standard","meta":{"_acf_changed":false,"footnotes":""},"categories":[7],"tags":[687,289,686,685],"class_list":["post-16837","post","type-post","status-publish","format-standard","has-post-thumbnail","hentry","category-news","tag-betriebsferien-en","tag-bischoff-scheck-en","tag-company-holiday-en","tag-conges-estivals-en"],"acf":[],"yoast_head":"<!-- This site is optimized with the Yoast SEO Premium plugin v27.1 (Yoast SEO v27.1.1) - https:\/\/yoast.com\/product\/yoast-seo-premium-wordpress\/ -->\n<title>Company holiday 2022<\/title>\n<meta name=\"description\" content=\"Company holiday 2022: We will be on holiday from 08 until 19 August 2022.\" \/>\n<meta name=\"robots\" content=\"index, follow, max-snippet:-1, max-image-preview:large, max-video-preview:-1\" \/>\n<link rel=\"canonical\" href=\"https:\/\/www.bischoff-scheck.de\/betriebsferien_2022\/\" \/>\n<meta property=\"og:locale\" content=\"en_US\" \/>\n<meta property=\"og:type\" content=\"article\" \/>\n<meta property=\"og:title\" content=\"Company Holiday Summer 2022\" \/>\n<meta property=\"og:description\" content=\"Company holiday 2022: We will be on holiday from 08 until 19 August 2022.\" \/>\n<meta property=\"og:url\" content=\"https:\/\/www.bischoff-scheck.de\/betriebsferien_2022\/\" \/>\n<meta property=\"og:site_name\" content=\"Bischoff + Scheck GmbH - Spezialisten im Fahrzeugbau\" \/>\n<meta property=\"article:published_time\" content=\"2021-07-30T08:18:49+00:00\" \/>\n<meta property=\"article:modified_time\" content=\"2022-08-04T11:50:11+00:00\" \/>\n<meta property=\"og:image\" content=\"https:\/\/www.bischoff-scheck.de\/wp-content\/uploads\/2021\/07\/Betriebsferien_2022.jpg\" \/>\n\t<meta property=\"og:image:width\" content=\"1280\" \/>\n\t<meta property=\"og:image:height\" content=\"1280\" \/>\n\t<meta property=\"og:image:type\" content=\"image\/jpeg\" \/>\n<meta name=\"author\" content=\"bs-firma2\" \/>\n<meta name=\"twitter:card\" content=\"summary_large_image\" \/>\n<meta name=\"twitter:label1\" content=\"Written by\" \/>\n\t<meta name=\"twitter:data1\" content=\"bs-firma2\" \/>\n\t<meta name=\"twitter:label2\" content=\"Est. reading time\" \/>\n\t<meta name=\"twitter:data2\" content=\"2 minutes\" \/>\n<script type=\"application\/ld+json\" class=\"yoast-schema-graph\">{\"@context\":\"https:\/\/schema.org\",\"@graph\":[{\"@type\":\"Article\",\"@id\":\"https:\/\/www.bischoff-scheck.de\/betriebsferien_2022\/#article\",\"isPartOf\":{\"@id\":\"https:\/\/www.bischoff-scheck.de\/betriebsferien_2022\/\"},\"author\":{\"name\":\"bs-firma2\",\"@id\":\"https:\/\/www.bischoff-scheck.de\/#\/schema\/person\/b2fec68290c16eaccde23a1a80b4f6f3\"},\"headline\":\"Company Holiday Summer 2022\",\"datePublished\":\"2021-07-30T08:18:49+00:00\",\"dateModified\":\"2022-08-04T11:50:11+00:00\",\"mainEntityOfPage\":{\"@id\":\"https:\/\/www.bischoff-scheck.de\/betriebsferien_2022\/\"},\"wordCount\":393,\"publisher\":{\"@id\":\"https:\/\/www.bischoff-scheck.de\/#organization\"},\"image\":{\"@id\":\"https:\/\/www.bischoff-scheck.de\/betriebsferien_2022\/#primaryimage\"},\"thumbnailUrl\":\"https:\/\/www.bischoff-scheck.de\/wp-content\/uploads\/2021\/07\/Betriebsferien_2022.jpg\",\"keywords\":[\"Betriebsferien\",\"Bischoff + Scheck\",\"company holiday\",\"cong\u00e9s estivals\"],\"articleSection\":[\"News\"],\"inLanguage\":\"en-US\"},{\"@type\":\"WebPage\",\"@id\":\"https:\/\/www.bischoff-scheck.de\/betriebsferien_2022\/\",\"url\":\"https:\/\/www.bischoff-scheck.de\/betriebsferien_2022\/\",\"name\":\"Company holiday 2022\",\"isPartOf\":{\"@id\":\"https:\/\/www.bischoff-scheck.de\/#website\"},\"primaryImageOfPage\":{\"@id\":\"https:\/\/www.bischoff-scheck.de\/betriebsferien_2022\/#primaryimage\"},\"image\":{\"@id\":\"https:\/\/www.bischoff-scheck.de\/betriebsferien_2022\/#primaryimage\"},\"thumbnailUrl\":\"https:\/\/www.bischoff-scheck.de\/wp-content\/uploads\/2021\/07\/Betriebsferien_2022.jpg\",\"datePublished\":\"2021-07-30T08:18:49+00:00\",\"dateModified\":\"2022-08-04T11:50:11+00:00\",\"description\":\"Company holiday 2022: We will be on holiday from 08 until 19 August 2022.\",\"breadcrumb\":{\"@id\":\"https:\/\/www.bischoff-scheck.de\/betriebsferien_2022\/#breadcrumb\"},\"inLanguage\":\"en-US\",\"potentialAction\":[{\"@type\":\"ReadAction\",\"target\":[\"https:\/\/www.bischoff-scheck.de\/betriebsferien_2022\/\"]}]},{\"@type\":\"ImageObject\",\"inLanguage\":\"en-US\",\"@id\":\"https:\/\/www.bischoff-scheck.de\/betriebsferien_2022\/#primaryimage\",\"url\":\"https:\/\/www.bischoff-scheck.de\/wp-content\/uploads\/2021\/07\/Betriebsferien_2022.jpg\",\"contentUrl\":\"https:\/\/www.bischoff-scheck.de\/wp-content\/uploads\/2021\/07\/Betriebsferien_2022.jpg\",\"width\":1280,\"height\":1280,\"caption\":\"Company holiday 2022\"},{\"@type\":\"BreadcrumbList\",\"@id\":\"https:\/\/www.bischoff-scheck.de\/betriebsferien_2022\/#breadcrumb\",\"itemListElement\":[{\"@type\":\"ListItem\",\"position\":1,\"name\":\"Startseite\",\"item\":\"https:\/\/www.bischoff-scheck.de\/en\/\"},{\"@type\":\"ListItem\",\"position\":2,\"name\":\"Company Holiday Summer 2022\"}]},{\"@type\":\"WebSite\",\"@id\":\"https:\/\/www.bischoff-scheck.de\/#website\",\"url\":\"https:\/\/www.bischoff-scheck.de\/\",\"name\":\"Bischoff + Scheck GmbH - Spezialisten im Fahrzeugbau\",\"description\":\"Moving Ideas\",\"publisher\":{\"@id\":\"https:\/\/www.bischoff-scheck.de\/#organization\"},\"potentialAction\":[{\"@type\":\"SearchAction\",\"target\":{\"@type\":\"EntryPoint\",\"urlTemplate\":\"https:\/\/www.bischoff-scheck.de\/?s={search_term_string}\"},\"query-input\":{\"@type\":\"PropertyValueSpecification\",\"valueRequired\":true,\"valueName\":\"search_term_string\"}}],\"inLanguage\":\"en-US\"},{\"@type\":\"Organization\",\"@id\":\"https:\/\/www.bischoff-scheck.de\/#organization\",\"name\":\"Bischoff + Scheck AG\",\"url\":\"https:\/\/www.bischoff-scheck.de\/\",\"logo\":{\"@type\":\"ImageObject\",\"inLanguage\":\"en-US\",\"@id\":\"https:\/\/www.bischoff-scheck.de\/#\/schema\/logo\/image\/\",\"url\":\"https:\/\/www.bischoff-scheck.de\/wp-content\/uploads\/2020\/12\/BS_Wortmarke_Black-1.png\",\"contentUrl\":\"https:\/\/www.bischoff-scheck.de\/wp-content\/uploads\/2020\/12\/BS_Wortmarke_Black-1.png\",\"width\":1030,\"height\":105,\"caption\":\"Bischoff + Scheck AG\"},\"image\":{\"@id\":\"https:\/\/www.bischoff-scheck.de\/#\/schema\/logo\/image\/\"}},{\"@type\":\"Person\",\"@id\":\"https:\/\/www.bischoff-scheck.de\/#\/schema\/person\/b2fec68290c16eaccde23a1a80b4f6f3\",\"name\":\"bs-firma2\",\"url\":\"https:\/\/www.bischoff-scheck.de\/en\/author\/bs-firma2\/\"}]}<\/script>\n<!-- \/ Yoast SEO Premium plugin. -->","yoast_head_json":{"title":"Company holiday 2022","description":"Company holiday 2022: We will be on holiday from 08 until 19 August 2022.","robots":{"index":"index","follow":"follow","max-snippet":"max-snippet:-1","max-image-preview":"max-image-preview:large","max-video-preview":"max-video-preview:-1"},"canonical":"https:\/\/www.bischoff-scheck.de\/betriebsferien_2022\/","og_locale":"en_US","og_type":"article","og_title":"Company Holiday Summer 2022","og_description":"Company holiday 2022: We will be on holiday from 08 until 19 August 2022.","og_url":"https:\/\/www.bischoff-scheck.de\/betriebsferien_2022\/","og_site_name":"Bischoff + Scheck GmbH - Spezialisten im Fahrzeugbau","article_published_time":"2021-07-30T08:18:49+00:00","article_modified_time":"2022-08-04T11:50:11+00:00","og_image":[{"width":1280,"height":1280,"url":"https:\/\/www.bischoff-scheck.de\/wp-content\/uploads\/2021\/07\/Betriebsferien_2022.jpg","type":"image\/jpeg"}],"author":"bs-firma2","twitter_card":"summary_large_image","twitter_misc":{"Written by":"bs-firma2","Est. reading time":"2 minutes"},"schema":{"@context":"https:\/\/schema.org","@graph":[{"@type":"Article","@id":"https:\/\/www.bischoff-scheck.de\/betriebsferien_2022\/#article","isPartOf":{"@id":"https:\/\/www.bischoff-scheck.de\/betriebsferien_2022\/"},"author":{"name":"bs-firma2","@id":"https:\/\/www.bischoff-scheck.de\/#\/schema\/person\/b2fec68290c16eaccde23a1a80b4f6f3"},"headline":"Company Holiday Summer 2022","datePublished":"2021-07-30T08:18:49+00:00","dateModified":"2022-08-04T11:50:11+00:00","mainEntityOfPage":{"@id":"https:\/\/www.bischoff-scheck.de\/betriebsferien_2022\/"},"wordCount":393,"publisher":{"@id":"https:\/\/www.bischoff-scheck.de\/#organization"},"image":{"@id":"https:\/\/www.bischoff-scheck.de\/betriebsferien_2022\/#primaryimage"},"thumbnailUrl":"https:\/\/www.bischoff-scheck.de\/wp-content\/uploads\/2021\/07\/Betriebsferien_2022.jpg","keywords":["Betriebsferien","Bischoff + Scheck","company holiday","cong\u00e9s estivals"],"articleSection":["News"],"inLanguage":"en-US"},{"@type":"WebPage","@id":"https:\/\/www.bischoff-scheck.de\/betriebsferien_2022\/","url":"https:\/\/www.bischoff-scheck.de\/betriebsferien_2022\/","name":"Company holiday 2022","isPartOf":{"@id":"https:\/\/www.bischoff-scheck.de\/#website"},"primaryImageOfPage":{"@id":"https:\/\/www.bischoff-scheck.de\/betriebsferien_2022\/#primaryimage"},"image":{"@id":"https:\/\/www.bischoff-scheck.de\/betriebsferien_2022\/#primaryimage"},"thumbnailUrl":"https:\/\/www.bischoff-scheck.de\/wp-content\/uploads\/2021\/07\/Betriebsferien_2022.jpg","datePublished":"2021-07-30T08:18:49+00:00","dateModified":"2022-08-04T11:50:11+00:00","description":"Company holiday 2022: We will be on holiday from 08 until 19 August 2022.","breadcrumb":{"@id":"https:\/\/www.bischoff-scheck.de\/betriebsferien_2022\/#breadcrumb"},"inLanguage":"en-US","potentialAction":[{"@type":"ReadAction","target":["https:\/\/www.bischoff-scheck.de\/betriebsferien_2022\/"]}]},{"@type":"ImageObject","inLanguage":"en-US","@id":"https:\/\/www.bischoff-scheck.de\/betriebsferien_2022\/#primaryimage","url":"https:\/\/www.bischoff-scheck.de\/wp-content\/uploads\/2021\/07\/Betriebsferien_2022.jpg","contentUrl":"https:\/\/www.bischoff-scheck.de\/wp-content\/uploads\/2021\/07\/Betriebsferien_2022.jpg","width":1280,"height":1280,"caption":"Company holiday 2022"},{"@type":"BreadcrumbList","@id":"https:\/\/www.bischoff-scheck.de\/betriebsferien_2022\/#breadcrumb","itemListElement":[{"@type":"ListItem","position":1,"name":"Startseite","item":"https:\/\/www.bischoff-scheck.de\/en\/"},{"@type":"ListItem","position":2,"name":"Company Holiday Summer 2022"}]},{"@type":"WebSite","@id":"https:\/\/www.bischoff-scheck.de\/#website","url":"https:\/\/www.bischoff-scheck.de\/","name":"Bischoff + Scheck GmbH - Spezialisten im Fahrzeugbau","description":"Moving Ideas","publisher":{"@id":"https:\/\/www.bischoff-scheck.de\/#organization"},"potentialAction":[{"@type":"SearchAction","target":{"@type":"EntryPoint","urlTemplate":"https:\/\/www.bischoff-scheck.de\/?s={search_term_string}"},"query-input":{"@type":"PropertyValueSpecification","valueRequired":true,"valueName":"search_term_string"}}],"inLanguage":"en-US"},{"@type":"Organization","@id":"https:\/\/www.bischoff-scheck.de\/#organization","name":"Bischoff + Scheck AG","url":"https:\/\/www.bischoff-scheck.de\/","logo":{"@type":"ImageObject","inLanguage":"en-US","@id":"https:\/\/www.bischoff-scheck.de\/#\/schema\/logo\/image\/","url":"https:\/\/www.bischoff-scheck.de\/wp-content\/uploads\/2020\/12\/BS_Wortmarke_Black-1.png","contentUrl":"https:\/\/www.bischoff-scheck.de\/wp-content\/uploads\/2020\/12\/BS_Wortmarke_Black-1.png","width":1030,"height":105,"caption":"Bischoff + Scheck AG"},"image":{"@id":"https:\/\/www.bischoff-scheck.de\/#\/schema\/logo\/image\/"}},{"@type":"Person","@id":"https:\/\/www.bischoff-scheck.de\/#\/schema\/person\/b2fec68290c16eaccde23a1a80b4f6f3","name":"bs-firma2","url":"https:\/\/www.bischoff-scheck.de\/en\/author\/bs-firma2\/"}]}},"_links":{"self":[{"href":"https:\/\/www.bischoff-scheck.de\/en\/wp-json\/wp\/v2\/posts\/16837","targetHints":{"allow":["GET"]}}],"collection":[{"href":"https:\/\/www.bischoff-scheck.de\/en\/wp-json\/wp\/v2\/posts"}],"about":[{"href":"https:\/\/www.bischoff-scheck.de\/en\/wp-json\/wp\/v2\/types\/post"}],"author":[{"embeddable":true,"href":"https:\/\/www.bischoff-scheck.de\/en\/wp-json\/wp\/v2\/users\/12"}],"replies":[{"embeddable":true,"href":"https:\/\/www.bischoff-scheck.de\/en\/wp-json\/wp\/v2\/comments?post=16837"}],"version-history":[{"count":24,"href":"https:\/\/www.bischoff-scheck.de\/en\/wp-json\/wp\/v2\/posts\/16837\/revisions"}],"predecessor-version":[{"id":18377,"href":"https:\/\/www.bischoff-scheck.de\/en\/wp-json\/wp\/v2\/posts\/16837\/revisions\/18377"}],"wp:featuredmedia":[{"embeddable":true,"href":"https:\/\/www.bischoff-scheck.de\/en\/wp-json\/wp\/v2\/media\/18374"}],"wp:attachment":[{"href":"https:\/\/www.bischoff-scheck.de\/en\/wp-json\/wp\/v2\/media?parent=16837"}],"wp:term":[{"taxonomy":"category","embeddable":true,"href":"https:\/\/www.bischoff-scheck.de\/en\/wp-json\/wp\/v2\/categories?post=16837"},{"taxonomy":"post_tag","embeddable":true,"href":"https:\/\/www.bischoff-scheck.de\/en\/wp-json\/wp\/v2\/tags?post=16837"}],"curies":[{"name":"wp","href":"https:\/\/api.w.org\/{rel}","templated":true}]}}