{"id":16009,"date":"2020-07-18T10:11:41","date_gmt":"2020-07-18T08:11:41","guid":{"rendered":"https:\/\/www.bischoff-scheck.de\/baden-tv-mobiles-coronatestlabor\/"},"modified":"2021-06-15T15:12:01","modified_gmt":"2021-06-15T13:12:01","slug":"baden-tv-mobiles-coronatestlabor","status":"publish","type":"post","link":"https:\/\/www.bischoff-scheck.de\/en\/baden-tv-mobiles-coronatestlabor\/","title":{"rendered":"Baden TV | Mobiles Coronatestlabor"},"content":{"rendered":"<div class=\"flex_column av_one_full  flex_column_div av-zero-column-padding first  avia-builder-el-0  el_before_av_one_full  avia-builder-el-first  \" style='border-radius:0px; '><\/div>\n<div class=\"flex_column av_one_full  flex_column_div av-zero-column-padding first  avia-builder-el-1  el_after_av_one_full  el_before_av_one_full  column-top-margin\" style='border-radius:0px; '><\/div>\n<div class=\"flex_column av_one_full  flex_column_div av-zero-column-padding first  avia-builder-el-2  el_after_av_one_full  el_before_av_one_full  column-top-margin\" style='border-radius:0px; '><section class=\"av_textblock_section \"  itemscope=\"itemscope\" itemtype=\"https:\/\/schema.org\/BlogPosting\" itemprop=\"blogPost\" ><div class='avia_textblock  '   itemprop=\"text\" ><h2>Baden TV | Mobiles Coronatestlabor<\/h2>\n<\/div><\/section><\/div><div class=\"flex_column av_one_full  flex_column_div av-zero-column-padding first  avia-builder-el-4  el_after_av_one_full  el_before_av_textblock  column-top-margin\" style='border-radius:0px; '><\/div><\/p>\n<section class=\"av_textblock_section \"  itemscope=\"itemscope\" itemtype=\"https:\/\/schema.org\/BlogPosting\" itemprop=\"blogPost\" ><div class='avia_textblock  '   itemprop=\"text\" ><p>18. Juli 2020 | Rheinm\u00fcnster (mcs) | Baden TV &#8211; Mobiles Coronatestlabor<\/p>\n<p>In der aktuellen Phase, Lockerung des Lockdowns, zeigt sich ganz deutlich, dass es ohne Tests und dem Nachweis, wer mit Covid 19 infiziert ist oder auch infiziert war, nicht zu einem normalen Alltag kommen kann. Wann ein Impfstoff zur Verf\u00fcgung steht ist aktuell noch v\u00f6llig unklar. Um den Menschen dennoch eine gewissen Sicherheit zu erm\u00f6glichen werden wir um eine Vielzahl an Corona Tests mit Abstrichen oder sog Antik\u00f6rpertests nicht herumkommen. (Quelle: https:\/\/www.baden-tv.com\/)<\/p>\n<div class=\"pressArticleParsys parsys\">\n<div class=\"fhg-content-article fhg-grid\">\n<article>\n<div class=\"row\">\n<div class=\"fhg-grid-item fhg-grid-3-2-1 fhg-inline-image\">\n<div class=\"fhg-content fhg-richtext\">\n<p><a href=\"https:\/\/www.baden-tv.com\/mediathek\/video\/mobiles-corona-testlabor\/\" target=\"_blank\" rel=\"noopener\"><img loading=\"lazy\" decoding=\"async\" class=\"alignleft wp-image-11970 size-full\" src=\"https:\/\/www.bischoff-scheck.de\/wp-content\/uploads\/2020\/07\/BadenTV-1.jpg\" alt=\"Mobiles Coronatestlabor\" width=\"889\" height=\"503\" srcset=\"https:\/\/www.bischoff-scheck.de\/wp-content\/uploads\/2020\/07\/BadenTV-1.jpg 889w, https:\/\/www.bischoff-scheck.de\/wp-content\/uploads\/2020\/07\/BadenTV-1-300x170.jpg 300w, https:\/\/www.bischoff-scheck.de\/wp-content\/uploads\/2020\/07\/BadenTV-1-768x435.jpg 768w, https:\/\/www.bischoff-scheck.de\/wp-content\/uploads\/2020\/07\/BadenTV-1-705x399.jpg 705w, https:\/\/www.bischoff-scheck.de\/wp-content\/uploads\/2020\/07\/BadenTV-1-450x255.jpg 450w\" sizes=\"auto, (max-width: 889px) 100vw, 889px\" \/><\/a><\/p>\n<\/div>\n<\/div>\n<\/div>\n<\/article>\n<\/div>\n<\/div>\n<\/div><\/section>\n<div class=\"flex_column av_one_full  flex_column_div av-zero-column-padding first  avia-builder-el-6  el_after_av_textblock  avia-builder-el-last  column-top-margin\" style='border-radius:0px; '><section class=\"av_textblock_section \"  itemscope=\"itemscope\" itemtype=\"https:\/\/schema.org\/BlogPosting\" itemprop=\"blogPost\" ><div class='avia_textblock  '   itemprop=\"text\" ><p>Den Beitrag sehen Sie unter <a href=\"https:\/\/www.baden-tv.com\/mediathek\/video\/mobiles-corona-testlabor\/\" target=\"_blank\" rel=\"noopener noreferrer\">https:\/\/www.baden-tv.com\/mediathek\/video\/mobiles-corona-testlabor\/<\/a><\/p>\n<p><strong>F\u00fcr n\u00e4here Informationen zum <a href=\"https:\/\/www.bischoff-scheck.de\/en\/vehicles\/medical-vehicles\/\" target=\"_blank\" rel=\"noopener\">MobiLab<\/a> nehmen Sie Kontakt mit uns auf!<\/strong><\/p>\n<p><strong>Ihr Ansprechpartner:<br \/>\n<\/strong><strong>Bernd Bischoff<br \/>\n<\/strong><em>Technischer Leiter \/ technical director<\/em><\/p>\n<p>Tel.: ++49 (0) 7229 \/ 18680-40<br \/>\nFax: ++49 (0) 7229 \/ 18680-68<\/p>\n<p>mailto: <a href=\"mailto:vorname.nachname@bischoff-scheck.de\">bernd.bischoff@bischoff-scheck.de<\/a><\/p>\n<\/div><\/section><\/div>\n","protected":false},"excerpt":{"rendered":"","protected":false},"author":8,"featured_media":13458,"comment_status":"closed","ping_status":"closed","sticky":false,"template":"","format":"standard","meta":{"_acf_changed":false,"footnotes":""},"categories":[112],"tags":[114,115,113,116],"class_list":["post-16009","post","type-post","status-publish","format-standard","has-post-thumbnail","hentry","category-press","tag-coronavirus-en","tag-mobile-lab-en","tag-sars-cov-2-en","tag-sicherheitslabore-en"],"acf":[],"yoast_head":"<!-- This site is optimized with the Yoast SEO Premium plugin v27.1 (Yoast SEO v27.1.1) - https:\/\/yoast.com\/product\/yoast-seo-premium-wordpress\/ -->\n<title>Baden TV - Mobiles Coronatestlabor von Bischoff + Scheck<\/title>\n<meta name=\"description\" content=\"Baden TV: Mobiles Coronatestlabor von Bischoff + Scheck \/ Rheinm\u00fcnster: durch mehr Tests kann eine R\u00fcckkehr zur Normalit\u00e4t angestrebt werden.\" \/>\n<meta name=\"robots\" content=\"index, follow, max-snippet:-1, max-image-preview:large, max-video-preview:-1\" \/>\n<link rel=\"canonical\" href=\"https:\/\/www.bischoff-scheck.de\/en\/baden-tv-mobiles-coronatestlabor\/\" \/>\n<meta property=\"og:locale\" content=\"en_US\" \/>\n<meta property=\"og:type\" content=\"article\" \/>\n<meta property=\"og:title\" content=\"Mobiles Corona-Testlabore\" \/>\n<meta property=\"og:description\" content=\"In der aktuellen Phase, Lockerung des Lockdowns, zeigt sich ganz deutlich, dass es ohne Tests und dem Nachweis, wer mit Covid 19 infiziert ist oder auch infiziert war, nicht zu einem normalen Alltag kommen kann. Wann ein Impfstoff zur Verf\u00fcgung steht ist aktuell noch v\u00f6llig unklar. Um den Menschen dennoch eine gewissen Sicherheit zu erm\u00f6glichen werden wir um eine Vielzahl an Corona Tests mit Abstrichen oder sog Antik\u00f6rpertests nicht herumkommen.\" \/>\n<meta property=\"og:url\" content=\"https:\/\/www.bischoff-scheck.de\/en\/baden-tv-mobiles-coronatestlabor\/\" \/>\n<meta property=\"og:site_name\" content=\"Bischoff + Scheck GmbH - Spezialisten im Fahrzeugbau\" \/>\n<meta property=\"article:author\" content=\"https:\/\/www.facebook.com\/BischoffScheck\/\" \/>\n<meta property=\"article:published_time\" content=\"2020-07-18T08:11:41+00:00\" \/>\n<meta property=\"article:modified_time\" content=\"2021-06-15T13:12:01+00:00\" \/>\n<meta property=\"og:image\" content=\"https:\/\/www.bischoff-scheck.de\/wp-content\/uploads\/2020\/07\/BadenTV-1.jpg\" \/>\n<meta name=\"author\" content=\"bs-firma\" \/>\n<meta name=\"twitter:card\" content=\"summary_large_image\" \/>\n<meta name=\"twitter:title\" content=\"Baden TV | Mobiles Coronatestlabor\" \/>\n<meta name=\"twitter:label1\" content=\"Written by\" \/>\n\t<meta name=\"twitter:data1\" content=\"bs-firma\" \/>\n\t<meta name=\"twitter:label2\" content=\"Est. reading time\" \/>\n\t<meta name=\"twitter:data2\" content=\"4 minutes\" \/>\n<script type=\"application\/ld+json\" class=\"yoast-schema-graph\">{\"@context\":\"https:\/\/schema.org\",\"@graph\":[{\"@type\":\"Article\",\"@id\":\"https:\/\/www.bischoff-scheck.de\/en\/baden-tv-mobiles-coronatestlabor\/#article\",\"isPartOf\":{\"@id\":\"https:\/\/www.bischoff-scheck.de\/en\/baden-tv-mobiles-coronatestlabor\/\"},\"author\":{\"name\":\"bs-firma\",\"@id\":\"https:\/\/www.bischoff-scheck.de\/#\/schema\/person\/b363a89d879ff13d7cb9f46607842fbe\"},\"headline\":\"Baden TV | Mobiles Coronatestlabor\",\"datePublished\":\"2020-07-18T08:11:41+00:00\",\"dateModified\":\"2021-06-15T13:12:01+00:00\",\"mainEntityOfPage\":{\"@id\":\"https:\/\/www.bischoff-scheck.de\/en\/baden-tv-mobiles-coronatestlabor\/\"},\"wordCount\":636,\"publisher\":{\"@id\":\"https:\/\/www.bischoff-scheck.de\/#organization\"},\"image\":{\"@id\":\"https:\/\/www.bischoff-scheck.de\/en\/baden-tv-mobiles-coronatestlabor\/#primaryimage\"},\"thumbnailUrl\":\"https:\/\/www.bischoff-scheck.de\/wp-content\/uploads\/2020\/07\/BadenTV-1.jpg\",\"keywords\":[\"Coronavirus\",\"mobile Lab\",\"SARS-CoV-2\",\"Sicherheitslabore\"],\"articleSection\":[\"Press\"],\"inLanguage\":\"en-US\"},{\"@type\":\"WebPage\",\"@id\":\"https:\/\/www.bischoff-scheck.de\/en\/baden-tv-mobiles-coronatestlabor\/\",\"url\":\"https:\/\/www.bischoff-scheck.de\/en\/baden-tv-mobiles-coronatestlabor\/\",\"name\":\"Baden TV - Mobiles Coronatestlabor von Bischoff + Scheck\",\"isPartOf\":{\"@id\":\"https:\/\/www.bischoff-scheck.de\/#website\"},\"primaryImageOfPage\":{\"@id\":\"https:\/\/www.bischoff-scheck.de\/en\/baden-tv-mobiles-coronatestlabor\/#primaryimage\"},\"image\":{\"@id\":\"https:\/\/www.bischoff-scheck.de\/en\/baden-tv-mobiles-coronatestlabor\/#primaryimage\"},\"thumbnailUrl\":\"https:\/\/www.bischoff-scheck.de\/wp-content\/uploads\/2020\/07\/BadenTV-1.jpg\",\"datePublished\":\"2020-07-18T08:11:41+00:00\",\"dateModified\":\"2021-06-15T13:12:01+00:00\",\"description\":\"Baden TV: Mobiles Coronatestlabor von Bischoff + Scheck \/ Rheinm\u00fcnster: durch mehr Tests kann eine R\u00fcckkehr zur Normalit\u00e4t angestrebt werden.\",\"breadcrumb\":{\"@id\":\"https:\/\/www.bischoff-scheck.de\/en\/baden-tv-mobiles-coronatestlabor\/#breadcrumb\"},\"inLanguage\":\"en-US\",\"potentialAction\":[{\"@type\":\"ReadAction\",\"target\":[\"https:\/\/www.bischoff-scheck.de\/en\/baden-tv-mobiles-coronatestlabor\/\"]}]},{\"@type\":\"ImageObject\",\"inLanguage\":\"en-US\",\"@id\":\"https:\/\/www.bischoff-scheck.de\/en\/baden-tv-mobiles-coronatestlabor\/#primaryimage\",\"url\":\"https:\/\/www.bischoff-scheck.de\/wp-content\/uploads\/2020\/07\/BadenTV-1.jpg\",\"contentUrl\":\"https:\/\/www.bischoff-scheck.de\/wp-content\/uploads\/2020\/07\/BadenTV-1.jpg\",\"width\":889,\"height\":503,\"caption\":\"Film_Baden TV\"},{\"@type\":\"BreadcrumbList\",\"@id\":\"https:\/\/www.bischoff-scheck.de\/en\/baden-tv-mobiles-coronatestlabor\/#breadcrumb\",\"itemListElement\":[{\"@type\":\"ListItem\",\"position\":1,\"name\":\"Startseite\",\"item\":\"https:\/\/www.bischoff-scheck.de\/en\/\"},{\"@type\":\"ListItem\",\"position\":2,\"name\":\"Baden TV | Mobiles Coronatestlabor\"}]},{\"@type\":\"WebSite\",\"@id\":\"https:\/\/www.bischoff-scheck.de\/#website\",\"url\":\"https:\/\/www.bischoff-scheck.de\/\",\"name\":\"Bischoff + Scheck GmbH - Spezialisten im Fahrzeugbau\",\"description\":\"Moving Ideas\",\"publisher\":{\"@id\":\"https:\/\/www.bischoff-scheck.de\/#organization\"},\"potentialAction\":[{\"@type\":\"SearchAction\",\"target\":{\"@type\":\"EntryPoint\",\"urlTemplate\":\"https:\/\/www.bischoff-scheck.de\/?s={search_term_string}\"},\"query-input\":{\"@type\":\"PropertyValueSpecification\",\"valueRequired\":true,\"valueName\":\"search_term_string\"}}],\"inLanguage\":\"en-US\"},{\"@type\":\"Organization\",\"@id\":\"https:\/\/www.bischoff-scheck.de\/#organization\",\"name\":\"Bischoff + Scheck AG\",\"url\":\"https:\/\/www.bischoff-scheck.de\/\",\"logo\":{\"@type\":\"ImageObject\",\"inLanguage\":\"en-US\",\"@id\":\"https:\/\/www.bischoff-scheck.de\/#\/schema\/logo\/image\/\",\"url\":\"https:\/\/www.bischoff-scheck.de\/wp-content\/uploads\/2020\/12\/BS_Wortmarke_Black-1.png\",\"contentUrl\":\"https:\/\/www.bischoff-scheck.de\/wp-content\/uploads\/2020\/12\/BS_Wortmarke_Black-1.png\",\"width\":1030,\"height\":105,\"caption\":\"Bischoff + Scheck AG\"},\"image\":{\"@id\":\"https:\/\/www.bischoff-scheck.de\/#\/schema\/logo\/image\/\"}},{\"@type\":\"Person\",\"@id\":\"https:\/\/www.bischoff-scheck.de\/#\/schema\/person\/b363a89d879ff13d7cb9f46607842fbe\",\"name\":\"bs-firma\",\"sameAs\":[\"https:\/\/www.bischoff-scheck.de\/\",\"https:\/\/www.facebook.com\/BischoffScheck\/\",\"https:\/\/www.instagram.com\/bischoff_scheck_ag\/\",\"https:\/\/www.linkedin.com\/company\/bischoff-scheck-ag\",\"https:\/\/www.youtube.com\/channel\/UCsgRoKchXejtIcaRaxxskNA\"],\"url\":\"https:\/\/www.bischoff-scheck.de\/en\/author\/bs-firma\/\"}]}<\/script>\n<!-- \/ Yoast SEO Premium plugin. -->","yoast_head_json":{"title":"Baden TV - Mobiles Coronatestlabor von Bischoff + Scheck","description":"Baden TV: Mobiles Coronatestlabor von Bischoff + Scheck \/ Rheinm\u00fcnster: durch mehr Tests kann eine R\u00fcckkehr zur Normalit\u00e4t angestrebt werden.","robots":{"index":"index","follow":"follow","max-snippet":"max-snippet:-1","max-image-preview":"max-image-preview:large","max-video-preview":"max-video-preview:-1"},"canonical":"https:\/\/www.bischoff-scheck.de\/en\/baden-tv-mobiles-coronatestlabor\/","og_locale":"en_US","og_type":"article","og_title":"Mobiles Corona-Testlabore","og_description":"In der aktuellen Phase, Lockerung des Lockdowns, zeigt sich ganz deutlich, dass es ohne Tests und dem Nachweis, wer mit Covid 19 infiziert ist oder auch infiziert war, nicht zu einem normalen Alltag kommen kann. Wann ein Impfstoff zur Verf\u00fcgung steht ist aktuell noch v\u00f6llig unklar. Um den Menschen dennoch eine gewissen Sicherheit zu erm\u00f6glichen werden wir um eine Vielzahl an Corona Tests mit Abstrichen oder sog Antik\u00f6rpertests nicht herumkommen.","og_url":"https:\/\/www.bischoff-scheck.de\/en\/baden-tv-mobiles-coronatestlabor\/","og_site_name":"Bischoff + Scheck GmbH - Spezialisten im Fahrzeugbau","article_author":"https:\/\/www.facebook.com\/BischoffScheck\/","article_published_time":"2020-07-18T08:11:41+00:00","article_modified_time":"2021-06-15T13:12:01+00:00","og_image":[{"url":"https:\/\/www.bischoff-scheck.de\/wp-content\/uploads\/2020\/07\/BadenTV-1.jpg","type":"","width":"","height":""}],"author":"bs-firma","twitter_card":"summary_large_image","twitter_title":"Baden TV | Mobiles Coronatestlabor","twitter_misc":{"Written by":"bs-firma","Est. reading time":"4 minutes"},"schema":{"@context":"https:\/\/schema.org","@graph":[{"@type":"Article","@id":"https:\/\/www.bischoff-scheck.de\/en\/baden-tv-mobiles-coronatestlabor\/#article","isPartOf":{"@id":"https:\/\/www.bischoff-scheck.de\/en\/baden-tv-mobiles-coronatestlabor\/"},"author":{"name":"bs-firma","@id":"https:\/\/www.bischoff-scheck.de\/#\/schema\/person\/b363a89d879ff13d7cb9f46607842fbe"},"headline":"Baden TV | Mobiles Coronatestlabor","datePublished":"2020-07-18T08:11:41+00:00","dateModified":"2021-06-15T13:12:01+00:00","mainEntityOfPage":{"@id":"https:\/\/www.bischoff-scheck.de\/en\/baden-tv-mobiles-coronatestlabor\/"},"wordCount":636,"publisher":{"@id":"https:\/\/www.bischoff-scheck.de\/#organization"},"image":{"@id":"https:\/\/www.bischoff-scheck.de\/en\/baden-tv-mobiles-coronatestlabor\/#primaryimage"},"thumbnailUrl":"https:\/\/www.bischoff-scheck.de\/wp-content\/uploads\/2020\/07\/BadenTV-1.jpg","keywords":["Coronavirus","mobile Lab","SARS-CoV-2","Sicherheitslabore"],"articleSection":["Press"],"inLanguage":"en-US"},{"@type":"WebPage","@id":"https:\/\/www.bischoff-scheck.de\/en\/baden-tv-mobiles-coronatestlabor\/","url":"https:\/\/www.bischoff-scheck.de\/en\/baden-tv-mobiles-coronatestlabor\/","name":"Baden TV - Mobiles Coronatestlabor von Bischoff + Scheck","isPartOf":{"@id":"https:\/\/www.bischoff-scheck.de\/#website"},"primaryImageOfPage":{"@id":"https:\/\/www.bischoff-scheck.de\/en\/baden-tv-mobiles-coronatestlabor\/#primaryimage"},"image":{"@id":"https:\/\/www.bischoff-scheck.de\/en\/baden-tv-mobiles-coronatestlabor\/#primaryimage"},"thumbnailUrl":"https:\/\/www.bischoff-scheck.de\/wp-content\/uploads\/2020\/07\/BadenTV-1.jpg","datePublished":"2020-07-18T08:11:41+00:00","dateModified":"2021-06-15T13:12:01+00:00","description":"Baden TV: Mobiles Coronatestlabor von Bischoff + Scheck \/ Rheinm\u00fcnster: durch mehr Tests kann eine R\u00fcckkehr zur Normalit\u00e4t angestrebt werden.","breadcrumb":{"@id":"https:\/\/www.bischoff-scheck.de\/en\/baden-tv-mobiles-coronatestlabor\/#breadcrumb"},"inLanguage":"en-US","potentialAction":[{"@type":"ReadAction","target":["https:\/\/www.bischoff-scheck.de\/en\/baden-tv-mobiles-coronatestlabor\/"]}]},{"@type":"ImageObject","inLanguage":"en-US","@id":"https:\/\/www.bischoff-scheck.de\/en\/baden-tv-mobiles-coronatestlabor\/#primaryimage","url":"https:\/\/www.bischoff-scheck.de\/wp-content\/uploads\/2020\/07\/BadenTV-1.jpg","contentUrl":"https:\/\/www.bischoff-scheck.de\/wp-content\/uploads\/2020\/07\/BadenTV-1.jpg","width":889,"height":503,"caption":"Film_Baden TV"},{"@type":"BreadcrumbList","@id":"https:\/\/www.bischoff-scheck.de\/en\/baden-tv-mobiles-coronatestlabor\/#breadcrumb","itemListElement":[{"@type":"ListItem","position":1,"name":"Startseite","item":"https:\/\/www.bischoff-scheck.de\/en\/"},{"@type":"ListItem","position":2,"name":"Baden TV | Mobiles Coronatestlabor"}]},{"@type":"WebSite","@id":"https:\/\/www.bischoff-scheck.de\/#website","url":"https:\/\/www.bischoff-scheck.de\/","name":"Bischoff + Scheck GmbH - Spezialisten im Fahrzeugbau","description":"Moving Ideas","publisher":{"@id":"https:\/\/www.bischoff-scheck.de\/#organization"},"potentialAction":[{"@type":"SearchAction","target":{"@type":"EntryPoint","urlTemplate":"https:\/\/www.bischoff-scheck.de\/?s={search_term_string}"},"query-input":{"@type":"PropertyValueSpecification","valueRequired":true,"valueName":"search_term_string"}}],"inLanguage":"en-US"},{"@type":"Organization","@id":"https:\/\/www.bischoff-scheck.de\/#organization","name":"Bischoff + Scheck AG","url":"https:\/\/www.bischoff-scheck.de\/","logo":{"@type":"ImageObject","inLanguage":"en-US","@id":"https:\/\/www.bischoff-scheck.de\/#\/schema\/logo\/image\/","url":"https:\/\/www.bischoff-scheck.de\/wp-content\/uploads\/2020\/12\/BS_Wortmarke_Black-1.png","contentUrl":"https:\/\/www.bischoff-scheck.de\/wp-content\/uploads\/2020\/12\/BS_Wortmarke_Black-1.png","width":1030,"height":105,"caption":"Bischoff + Scheck AG"},"image":{"@id":"https:\/\/www.bischoff-scheck.de\/#\/schema\/logo\/image\/"}},{"@type":"Person","@id":"https:\/\/www.bischoff-scheck.de\/#\/schema\/person\/b363a89d879ff13d7cb9f46607842fbe","name":"bs-firma","sameAs":["https:\/\/www.bischoff-scheck.de\/","https:\/\/www.facebook.com\/BischoffScheck\/","https:\/\/www.instagram.com\/bischoff_scheck_ag\/","https:\/\/www.linkedin.com\/company\/bischoff-scheck-ag","https:\/\/www.youtube.com\/channel\/UCsgRoKchXejtIcaRaxxskNA"],"url":"https:\/\/www.bischoff-scheck.de\/en\/author\/bs-firma\/"}]}},"_links":{"self":[{"href":"https:\/\/www.bischoff-scheck.de\/en\/wp-json\/wp\/v2\/posts\/16009","targetHints":{"allow":["GET"]}}],"collection":[{"href":"https:\/\/www.bischoff-scheck.de\/en\/wp-json\/wp\/v2\/posts"}],"about":[{"href":"https:\/\/www.bischoff-scheck.de\/en\/wp-json\/wp\/v2\/types\/post"}],"author":[{"embeddable":true,"href":"https:\/\/www.bischoff-scheck.de\/en\/wp-json\/wp\/v2\/users\/8"}],"replies":[{"embeddable":true,"href":"https:\/\/www.bischoff-scheck.de\/en\/wp-json\/wp\/v2\/comments?post=16009"}],"version-history":[{"count":8,"href":"https:\/\/www.bischoff-scheck.de\/en\/wp-json\/wp\/v2\/posts\/16009\/revisions"}],"predecessor-version":[{"id":19477,"href":"https:\/\/www.bischoff-scheck.de\/en\/wp-json\/wp\/v2\/posts\/16009\/revisions\/19477"}],"wp:featuredmedia":[{"embeddable":true,"href":"https:\/\/www.bischoff-scheck.de\/en\/wp-json\/wp\/v2\/media\/13458"}],"wp:attachment":[{"href":"https:\/\/www.bischoff-scheck.de\/en\/wp-json\/wp\/v2\/media?parent=16009"}],"wp:term":[{"taxonomy":"category","embeddable":true,"href":"https:\/\/www.bischoff-scheck.de\/en\/wp-json\/wp\/v2\/categories?post=16009"},{"taxonomy":"post_tag","embeddable":true,"href":"https:\/\/www.bischoff-scheck.de\/en\/wp-json\/wp\/v2\/tags?post=16009"}],"curies":[{"name":"wp","href":"https:\/\/api.w.org\/{rel}","templated":true}]}}