{"id":15935,"date":"2021-04-29T14:26:39","date_gmt":"2021-04-29T12:26:39","guid":{"rendered":"https:\/\/www.bischoff-scheck.de\/bnn-der-test-findet-im-truck-statt\/"},"modified":"2021-06-15T15:10:52","modified_gmt":"2021-06-15T13:10:52","slug":"bnn-der-test-findet-im-truck-statt","status":"publish","type":"post","link":"https:\/\/www.bischoff-scheck.de\/en\/bnn-der-test-findet-im-truck-statt\/","title":{"rendered":"BNN | Der Test findet im Truck statt"},"content":{"rendered":"<div class=\"flex_column av_one_full  flex_column_div av-zero-column-padding first  avia-builder-el-0  el_before_av_one_full  avia-builder-el-first  \" style='border-radius:0px; '><\/div>\n<div class=\"flex_column av_one_full  flex_column_div av-zero-column-padding first  avia-builder-el-1  el_after_av_one_full  el_before_av_one_full  column-top-margin\" style='border-radius:0px; '><\/div>\n<div class=\"flex_column av_one_full  flex_column_div av-zero-column-padding first  avia-builder-el-2  el_after_av_one_full  el_before_av_one_full  column-top-margin\" style='border-radius:0px; '><section class=\"av_textblock_section \"  itemscope=\"itemscope\" itemtype=\"https:\/\/schema.org\/BlogPosting\" itemprop=\"blogPost\" ><div class='avia_textblock  '   itemprop=\"text\" ><h2>BNN &#8211; Acher- und B\u00fchler Bote | Der Test findet im Truck statt<\/h2>\n<\/div><\/section><\/div>\n<div class=\"flex_column av_one_full  flex_column_div av-zero-column-padding first  avia-builder-el-4  el_after_av_one_full  el_before_av_textblock  column-top-margin\" style='border-radius:0px; '><\/div>\n<section class=\"av_textblock_section \"  itemscope=\"itemscope\" itemtype=\"https:\/\/schema.org\/BlogPosting\" itemprop=\"blogPost\" ><div class='avia_textblock  '   itemprop=\"text\" ><div class=\"footer\">\n<p class=\"intro\">28. April 2021 | <strong>Ein mobiles Labor f\u00fcr Corona-Schnelltests stellt das Unternehmen Bischoff und Scheck im Airpark S\u00f6llingen her<\/strong><\/p>\n<p><strong>Rheinm\u00fcnster-S\u00f6llingen.<\/strong> Die Stadt T\u00fcbingen hat mit ihrem beendeten Modellversuch gezeigt, wie es gehen k\u00f6nnte: Die beschauliche Stadt am Neckar hat durch permanente Schnelltests die Inzidenz-Werte w\u00e4hrend der Corona-Pandemie eine Weile unter 100 gehalten. \u201eSchnelle und vor allem mobile Testm\u00f6glichkeiten sind ein Schl\u00fcssel zur Bek\u00e4mpfung der Pandemie\u201c, sagten sich auch die Macher von Bischoff und Scheck und stellten ein mobiles Labor auf die R\u00e4der: Das Mobillab ist w\u00e4hrend der Pandemie gefragt und rollt aus den Werkshallen des Spezialfahrzeugbauers im Airpark in S\u00f6llingen.<\/p>\n<p>Was ist das Besondere an dem Mobillab? \u201eEs ist eigentlich ganz einfach. Wenn die Testlabore bei so einer Pandemie v\u00f6llig \u00fcberlastet sind, dann muss eben der Berg zum Propheten kommen. Wir haben uns gleich zu Beginn der Pandemie an das mobile Labor gemacht und es in kurzer Zeit auf die R\u00e4der gestellt\u201c, sagt Bernd Bischoff im Gespr\u00e4ch mit dieser Zeitung. Wie viele Fahrzeuge haben seitdem das Werksgel\u00e4nde verlassen? \u201eMittlerweile haben wir eine Auftragsserie von round about 15 Fahrzeugen in Aussicht\u201c, skizziert Entwicklungschef Bischoff die Situation des Unternehmens, das vor 21 Jahren auf der ehemaligen Airbase mit dem Bau von Sonderfahrzeugen begann.<\/p>\n<p>\u201eBei komplizierten Aufgaben geht es immer um einfache L\u00f6sungen: Das mobile Labor ist universell, also etwa vor Veranstaltungen und auch vor Schulen, einsetzbar. \u00dcberall dort, wo viele Menschen in Bezug auf Covid untersucht werden sollen\u201c, erkl\u00e4rt der agile Unternehmer. Er sieht darin einen Schl\u00fcssel in der wirkungsvollen Bek\u00e4mpfung der Corona-Pandemie. \u201eWenn nicht gen\u00fcgend Impfstoff vorhanden ist, dann muss ein Plan B her. Und der hei\u00dft testen.<\/p>\n<p>\u201c Im Vergleich zum lange praktizierten Lockdown mit Schlie\u00dfung von Schulen, Gastronomie und vor allem des Einzelhandels, gebe es durch den Einsatz des mobilen Corona-Testlabors sofort einen vorteilhaften Effekt: \u201eViele Menschen werden anlassbezogen gezielt und freiwillig getestet. In maximal drei Stunden liegen die abschie\u00dfenden Testergebnisse vor, und die Corona-Spreader werden sofort herausgefiltert. Das ist sehr effektiv und erlaubt nach den gezielten Tests zum Beispiel Veranstaltungen, Schulbetrieb oder einen problemlosen Einkauf in den Gesch\u00e4ften\u201c, setzt Bischoff auseinander.<\/p>\n<p>Er betont, dass nicht nur die Schnelltests, sondern auch die nach einer positiven Testung notwendigen PCR-Tests sofort im mobilen Labor im Anschluss gemacht werden und kommt dabei auch auf die Kosten zu sprechen. \u201eMan kann sich leicht vorstellen, was die getesteten Menschen dann wieder unternehmen k\u00f6nnen. Sie gehen in Veranstaltungen und kaufen ein.\u201c Im Gegensatz zur bisher praktizierten Vermeidungsstrategie des Lockdowns gebe es einen gegenteiligen Effekt, der \u00fcber eine selektiven Zugang gut f\u00fcr Handel und Gastronomie sei.<\/p>\n<p>Durch den Lockdown gebe es viele Verlierer, meint Bischoff: \u201eIm Einzelhandel, in der Gastronomie und in der Kulturszene stehen mittlerweile viele Menschen vor dem Aus. Sie haben nahezu bis zum Grad der Durchimpfung der Bev\u00f6lkerung keine M\u00f6glichkeit zur \u00d6ffnung.\u201c Das sei eine Einbahnstra\u00dfe, die man durch unkomplizierte mobile Tests punktuell schnell \u00f6ffnen k\u00f6nne. \u201eDas ist volkswirtschaftlich gesehen eine Rechnung, die auf jeden Fall aufgeht\u201c, stellt Bischoff der Investition in ein mobiles Covid-Testlabor entgegen.<\/p>\n<p><img loading=\"lazy\" decoding=\"async\" class=\"alignnone wp-image-15221 size-full\" src=\"https:\/\/www.bischoff-scheck.de\/wp-content\/uploads\/2021\/04\/Bild_ABB_2021_04_28.jpg\" alt=\"Innenaussicht MobiLab\" width=\"1030\" height=\"579\" srcset=\"https:\/\/www.bischoff-scheck.de\/wp-content\/uploads\/2021\/04\/Bild_ABB_2021_04_28.jpg 1030w, https:\/\/www.bischoff-scheck.de\/wp-content\/uploads\/2021\/04\/Bild_ABB_2021_04_28-300x169.jpg 300w, https:\/\/www.bischoff-scheck.de\/wp-content\/uploads\/2021\/04\/Bild_ABB_2021_04_28-768x432.jpg 768w, https:\/\/www.bischoff-scheck.de\/wp-content\/uploads\/2021\/04\/Bild_ABB_2021_04_28-705x396.jpg 705w\" sizes=\"auto, (max-width: 1030px) 100vw, 1030px\" \/><\/p>\n<p><em><strong>Schnell im Einsatz:<\/strong> Die Abstriche der zu testenden Personen werden im mobilen Labor umgehend ausgewertet. Das Labor ist in zwei Stunden aufgebaut.<\/em><\/p>\n<p>Auch der Hotel- und Gastst\u00e4ttenverband Dehoga sieht durch mobile Schnelltests Chancen: \u201eFakt ist, wenn die Testkapazit\u00e4ten vorhanden sind, werden sie auch von der Bev\u00f6lkerung angenommen. Das ist die Erfahrung, wie wir in den vergangenen Wochen bei teilweise ge\u00f6ffneter Au\u00dfengastronomie etwa im Saarland oder in Rheinland-Pfalz gemacht haben\u201c, erkl\u00e4rt Nicola Danne, Verbandsjurist in der Dehoga-Gesch\u00e4ftsstelle Baden-Baden. Das sei eine grunds\u00e4tzliche Beobachtung, die das Gastgewerbe sehr begr\u00fc\u00dfe. Es sei zu hoffen, dass sich durch ein so erweitertes Angebot konkrete \u00d6ffnungsszenarien f\u00fcr das Gastro- und Hotelgewerbe ergeben.<\/p>\n<p>Die Anspr\u00fcche ans mobile Labor sind sehr hoch. Die mutierten Sars-CoV-2-Varianten sind hoch ansteckend, deshalb sind besondere Laborbedingungen notwendig. Es gibt Behandlungsr\u00e4ume, Wartekabinen und etliche Schleusen f\u00fcr das notwendige Material und zum Durchreichen der Tests. \u201eWir haben das zusammen mit Medizinern auf die Beine gestellt. Die Anforderungen an den Einsatzort f\u00fcr das mobile Labor sind eine freie Fl\u00e4che von 270 Quadratmetern, Stromversorgung im Umkreis von 25 Metern. Das Labor kann mit Ausstattung und Ger\u00e4tetechnik gemietet werden\u201c, sagt Bischoff.<\/p>\n<p>Er ist \u00fcberzeugt, dass mit dieser medizinischen Einrichtung ein Gro\u00dfteil der Sars-CoV-2-Tr\u00e4ger punktuell herausgefiltert wird und somit die gef\u00fcrchtete schnelle weitere Verbreitung stark einged\u00e4mmt wird. \u201eDas ist vor allem mit Blick auf die hoch ansteckenden Corona-Mutanten und die sich jetzt abzeichnende \u00dcberlastung der Intensivstationen eine gro\u00dfe Chance.\u201c Im Ein-Schicht-Betrieb ist pro Tag eine Beprobung von 270 Personen m\u00f6glich, wobei die Kapazit\u00e4t auf Tests f\u00fcr bis zu 600 Personen durch mehr Personal kein Problem sei. Die Nachfrage l\u00e4uft hoch, die M\u00e4nner in den Werkhallen im Airpark in S\u00f6llingen haben ordentlich zu tun.<\/p>\n<\/div>\n<div class=\"article__content\">\n<div class=\"article__body\"><\/div>\n<\/div>\n<p><em><span class=\"type\">Quelle:<\/span> <a href=\"https:\/\/bnn.de\" target=\"_blank\" rel=\"noopener noreferrer\">www.bnn.de<\/a> | Text: Andreas B\u00fchler | <span class=\"type\"><span class=\"credit\">Foto: Nikolay Kazakov<\/span><\/span><\/em><\/p>\n<\/div><\/section>\n<div class=\"flex_column av_one_full  flex_column_div av-zero-column-padding first  avia-builder-el-6  el_after_av_textblock  el_before_av_one_full  column-top-margin\" style='border-radius:0px; '><section class=\"av_textblock_section \"  itemscope=\"itemscope\" itemtype=\"https:\/\/schema.org\/BlogPosting\" itemprop=\"blogPost\" ><div class='avia_textblock  '   itemprop=\"text\" ><p>Sie k\u00f6nnen <a href=\"https:\/\/www.bischoff-scheck.de\/wp-content\/uploads\/2021\/04\/2021_04_28_bnn_Seite21.pdf\" target=\"_blank\" rel=\"noopener\">hier<\/a> den gesamten Artikel als Pdf-Datei herunterladen.<\/p>\n<\/div><\/section><\/div><div class=\"flex_column av_one_full  flex_column_div av-zero-column-padding first  avia-builder-el-8  el_after_av_one_full  avia-builder-el-last  column-top-margin\" style='border-radius:0px; '><section class=\"av_textblock_section \"  itemscope=\"itemscope\" itemtype=\"https:\/\/schema.org\/BlogPosting\" itemprop=\"blogPost\" ><div class='avia_textblock  '   itemprop=\"text\" ><p><strong>F\u00fcr n\u00e4here Informationen zum <a href=\"https:\/\/www.bischoff-scheck.de\/en\/vehicles\/medical-vehicles\/\" target=\"_blank\" rel=\"noopener\">MobiLab<\/a> nehmen Sie Kontakt mit uns auf!<\/strong><\/p>\n<p><strong>Ihr Ansprechpartner:<br \/>\n<\/strong><strong>Bernd Bischoff<br \/>\n<\/strong><em>Technischer Leiter \/ technical director<\/em><\/p>\n<p>Tel.: ++49 (0) 7229 \/ 18680-40<br \/>\nFax: ++49 (0) 7229 \/ 18680-68<\/p>\n<p>mailto: <a href=\"mailto:vorname.nachname@bischoff-scheck.de\">bernd.bischoff@bischoff-scheck.de<\/a><\/p>\n<\/div><\/section><\/div><\/p>\n","protected":false},"excerpt":{"rendered":"","protected":false},"author":12,"featured_media":15222,"comment_status":"closed","ping_status":"closed","sticky":false,"template":"","format":"standard","meta":{"_acf_changed":false,"footnotes":""},"categories":[112],"tags":[637,114,636,113,638],"class_list":["post-15935","post","type-post","status-publish","format-standard","has-post-thumbnail","hentry","category-press","tag-corona-en","tag-coronavirus-en","tag-mobiles-labor-en","tag-sars-cov-2-en","tag-schnelltest-en"],"acf":[],"yoast_head":"<!-- This site is optimized with the Yoast SEO Premium plugin v27.1 (Yoast SEO v27.1.1) - https:\/\/yoast.com\/product\/yoast-seo-premium-wordpress\/ -->\n<title>Presseartikel BNN - Der Test findet im Truck statt - Bischoff + Scheck<\/title>\n<meta name=\"description\" content=\"28. April 2021 | Der Test findet im Truck statt - Ein mobiles Labor f\u00fcr Corona-Schnelltests stellt das Unternehmen Bischoff und Scheck her\" \/>\n<meta name=\"robots\" content=\"index, follow, max-snippet:-1, max-image-preview:large, max-video-preview:-1\" \/>\n<link rel=\"canonical\" href=\"https:\/\/www.bischoff-scheck.de\/en\/bnn-der-test-findet-im-truck-statt\/\" \/>\n<meta property=\"og:locale\" content=\"en_US\" \/>\n<meta property=\"og:type\" content=\"article\" \/>\n<meta property=\"og:title\" content=\"BNN | Der Test findet im Truck statt\" \/>\n<meta property=\"og:description\" content=\"28. April 2021 | Der Test findet im Truck statt - Ein mobiles Labor f\u00fcr Corona-Schnelltests stellt das Unternehmen Bischoff und Scheck her\" \/>\n<meta property=\"og:url\" content=\"https:\/\/www.bischoff-scheck.de\/en\/bnn-der-test-findet-im-truck-statt\/\" \/>\n<meta property=\"og:site_name\" content=\"Bischoff + Scheck GmbH - Spezialisten im Fahrzeugbau\" \/>\n<meta property=\"article:published_time\" content=\"2021-04-29T12:26:39+00:00\" \/>\n<meta property=\"article:modified_time\" content=\"2021-06-15T13:10:52+00:00\" \/>\n<meta property=\"og:image\" content=\"https:\/\/www.bischoff-scheck.de\/wp-content\/uploads\/2021\/04\/Bild_ABB_2021_04_28.jpg\" \/>\n\t<meta property=\"og:image:width\" content=\"1030\" \/>\n\t<meta property=\"og:image:height\" content=\"579\" \/>\n\t<meta property=\"og:image:type\" content=\"image\/jpeg\" \/>\n<meta name=\"author\" content=\"bs-firma2\" \/>\n<meta name=\"twitter:card\" content=\"summary_large_image\" \/>\n<meta name=\"twitter:label1\" content=\"Written by\" \/>\n\t<meta name=\"twitter:data1\" content=\"bs-firma2\" \/>\n\t<meta name=\"twitter:label2\" content=\"Est. reading time\" \/>\n\t<meta name=\"twitter:data2\" content=\"9 minutes\" \/>\n<script type=\"application\/ld+json\" class=\"yoast-schema-graph\">{\"@context\":\"https:\/\/schema.org\",\"@graph\":[{\"@type\":\"Article\",\"@id\":\"https:\/\/www.bischoff-scheck.de\/en\/bnn-der-test-findet-im-truck-statt\/#article\",\"isPartOf\":{\"@id\":\"https:\/\/www.bischoff-scheck.de\/en\/bnn-der-test-findet-im-truck-statt\/\"},\"author\":{\"name\":\"bs-firma2\",\"@id\":\"https:\/\/www.bischoff-scheck.de\/#\/schema\/person\/b2fec68290c16eaccde23a1a80b4f6f3\"},\"headline\":\"BNN | Der Test findet im Truck statt\",\"datePublished\":\"2021-04-29T12:26:39+00:00\",\"dateModified\":\"2021-06-15T13:10:52+00:00\",\"mainEntityOfPage\":{\"@id\":\"https:\/\/www.bischoff-scheck.de\/en\/bnn-der-test-findet-im-truck-statt\/\"},\"wordCount\":1495,\"publisher\":{\"@id\":\"https:\/\/www.bischoff-scheck.de\/#organization\"},\"image\":{\"@id\":\"https:\/\/www.bischoff-scheck.de\/en\/bnn-der-test-findet-im-truck-statt\/#primaryimage\"},\"thumbnailUrl\":\"https:\/\/www.bischoff-scheck.de\/wp-content\/uploads\/2021\/04\/Bild_ABB_2021_04_28.jpg\",\"keywords\":[\"Corona\",\"Coronavirus\",\"Mobiles Labor\",\"SARS-CoV-2\",\"Schnelltest\"],\"articleSection\":[\"Press\"],\"inLanguage\":\"en-US\"},{\"@type\":\"WebPage\",\"@id\":\"https:\/\/www.bischoff-scheck.de\/en\/bnn-der-test-findet-im-truck-statt\/\",\"url\":\"https:\/\/www.bischoff-scheck.de\/en\/bnn-der-test-findet-im-truck-statt\/\",\"name\":\"Presseartikel BNN - Der Test findet im Truck statt - Bischoff + Scheck\",\"isPartOf\":{\"@id\":\"https:\/\/www.bischoff-scheck.de\/#website\"},\"primaryImageOfPage\":{\"@id\":\"https:\/\/www.bischoff-scheck.de\/en\/bnn-der-test-findet-im-truck-statt\/#primaryimage\"},\"image\":{\"@id\":\"https:\/\/www.bischoff-scheck.de\/en\/bnn-der-test-findet-im-truck-statt\/#primaryimage\"},\"thumbnailUrl\":\"https:\/\/www.bischoff-scheck.de\/wp-content\/uploads\/2021\/04\/Bild_ABB_2021_04_28.jpg\",\"datePublished\":\"2021-04-29T12:26:39+00:00\",\"dateModified\":\"2021-06-15T13:10:52+00:00\",\"description\":\"28. April 2021 | Der Test findet im Truck statt - Ein mobiles Labor f\u00fcr Corona-Schnelltests stellt das Unternehmen Bischoff und Scheck her\",\"breadcrumb\":{\"@id\":\"https:\/\/www.bischoff-scheck.de\/en\/bnn-der-test-findet-im-truck-statt\/#breadcrumb\"},\"inLanguage\":\"en-US\",\"potentialAction\":[{\"@type\":\"ReadAction\",\"target\":[\"https:\/\/www.bischoff-scheck.de\/en\/bnn-der-test-findet-im-truck-statt\/\"]}]},{\"@type\":\"ImageObject\",\"inLanguage\":\"en-US\",\"@id\":\"https:\/\/www.bischoff-scheck.de\/en\/bnn-der-test-findet-im-truck-statt\/#primaryimage\",\"url\":\"https:\/\/www.bischoff-scheck.de\/wp-content\/uploads\/2021\/04\/Bild_ABB_2021_04_28.jpg\",\"contentUrl\":\"https:\/\/www.bischoff-scheck.de\/wp-content\/uploads\/2021\/04\/Bild_ABB_2021_04_28.jpg\",\"width\":1030,\"height\":579,\"caption\":\"Test im Truck - MobiLab\"},{\"@type\":\"BreadcrumbList\",\"@id\":\"https:\/\/www.bischoff-scheck.de\/en\/bnn-der-test-findet-im-truck-statt\/#breadcrumb\",\"itemListElement\":[{\"@type\":\"ListItem\",\"position\":1,\"name\":\"Startseite\",\"item\":\"https:\/\/www.bischoff-scheck.de\/en\/\"},{\"@type\":\"ListItem\",\"position\":2,\"name\":\"BNN | Der Test findet im Truck statt\"}]},{\"@type\":\"WebSite\",\"@id\":\"https:\/\/www.bischoff-scheck.de\/#website\",\"url\":\"https:\/\/www.bischoff-scheck.de\/\",\"name\":\"Bischoff + Scheck GmbH - Spezialisten im Fahrzeugbau\",\"description\":\"Moving Ideas\",\"publisher\":{\"@id\":\"https:\/\/www.bischoff-scheck.de\/#organization\"},\"potentialAction\":[{\"@type\":\"SearchAction\",\"target\":{\"@type\":\"EntryPoint\",\"urlTemplate\":\"https:\/\/www.bischoff-scheck.de\/?s={search_term_string}\"},\"query-input\":{\"@type\":\"PropertyValueSpecification\",\"valueRequired\":true,\"valueName\":\"search_term_string\"}}],\"inLanguage\":\"en-US\"},{\"@type\":\"Organization\",\"@id\":\"https:\/\/www.bischoff-scheck.de\/#organization\",\"name\":\"Bischoff + Scheck AG\",\"url\":\"https:\/\/www.bischoff-scheck.de\/\",\"logo\":{\"@type\":\"ImageObject\",\"inLanguage\":\"en-US\",\"@id\":\"https:\/\/www.bischoff-scheck.de\/#\/schema\/logo\/image\/\",\"url\":\"https:\/\/www.bischoff-scheck.de\/wp-content\/uploads\/2020\/12\/BS_Wortmarke_Black-1.png\",\"contentUrl\":\"https:\/\/www.bischoff-scheck.de\/wp-content\/uploads\/2020\/12\/BS_Wortmarke_Black-1.png\",\"width\":1030,\"height\":105,\"caption\":\"Bischoff + Scheck AG\"},\"image\":{\"@id\":\"https:\/\/www.bischoff-scheck.de\/#\/schema\/logo\/image\/\"}},{\"@type\":\"Person\",\"@id\":\"https:\/\/www.bischoff-scheck.de\/#\/schema\/person\/b2fec68290c16eaccde23a1a80b4f6f3\",\"name\":\"bs-firma2\",\"url\":\"https:\/\/www.bischoff-scheck.de\/en\/author\/bs-firma2\/\"}]}<\/script>\n<!-- \/ Yoast SEO Premium plugin. -->","yoast_head_json":{"title":"Presseartikel BNN - Der Test findet im Truck statt - Bischoff + Scheck","description":"28. April 2021 | Der Test findet im Truck statt - Ein mobiles Labor f\u00fcr Corona-Schnelltests stellt das Unternehmen Bischoff und Scheck her","robots":{"index":"index","follow":"follow","max-snippet":"max-snippet:-1","max-image-preview":"max-image-preview:large","max-video-preview":"max-video-preview:-1"},"canonical":"https:\/\/www.bischoff-scheck.de\/en\/bnn-der-test-findet-im-truck-statt\/","og_locale":"en_US","og_type":"article","og_title":"BNN | Der Test findet im Truck statt","og_description":"28. April 2021 | Der Test findet im Truck statt - Ein mobiles Labor f\u00fcr Corona-Schnelltests stellt das Unternehmen Bischoff und Scheck her","og_url":"https:\/\/www.bischoff-scheck.de\/en\/bnn-der-test-findet-im-truck-statt\/","og_site_name":"Bischoff + Scheck GmbH - Spezialisten im Fahrzeugbau","article_published_time":"2021-04-29T12:26:39+00:00","article_modified_time":"2021-06-15T13:10:52+00:00","og_image":[{"width":1030,"height":579,"url":"https:\/\/www.bischoff-scheck.de\/wp-content\/uploads\/2021\/04\/Bild_ABB_2021_04_28.jpg","type":"image\/jpeg"}],"author":"bs-firma2","twitter_card":"summary_large_image","twitter_misc":{"Written by":"bs-firma2","Est. reading time":"9 minutes"},"schema":{"@context":"https:\/\/schema.org","@graph":[{"@type":"Article","@id":"https:\/\/www.bischoff-scheck.de\/en\/bnn-der-test-findet-im-truck-statt\/#article","isPartOf":{"@id":"https:\/\/www.bischoff-scheck.de\/en\/bnn-der-test-findet-im-truck-statt\/"},"author":{"name":"bs-firma2","@id":"https:\/\/www.bischoff-scheck.de\/#\/schema\/person\/b2fec68290c16eaccde23a1a80b4f6f3"},"headline":"BNN | Der Test findet im Truck statt","datePublished":"2021-04-29T12:26:39+00:00","dateModified":"2021-06-15T13:10:52+00:00","mainEntityOfPage":{"@id":"https:\/\/www.bischoff-scheck.de\/en\/bnn-der-test-findet-im-truck-statt\/"},"wordCount":1495,"publisher":{"@id":"https:\/\/www.bischoff-scheck.de\/#organization"},"image":{"@id":"https:\/\/www.bischoff-scheck.de\/en\/bnn-der-test-findet-im-truck-statt\/#primaryimage"},"thumbnailUrl":"https:\/\/www.bischoff-scheck.de\/wp-content\/uploads\/2021\/04\/Bild_ABB_2021_04_28.jpg","keywords":["Corona","Coronavirus","Mobiles Labor","SARS-CoV-2","Schnelltest"],"articleSection":["Press"],"inLanguage":"en-US"},{"@type":"WebPage","@id":"https:\/\/www.bischoff-scheck.de\/en\/bnn-der-test-findet-im-truck-statt\/","url":"https:\/\/www.bischoff-scheck.de\/en\/bnn-der-test-findet-im-truck-statt\/","name":"Presseartikel BNN - Der Test findet im Truck statt - Bischoff + Scheck","isPartOf":{"@id":"https:\/\/www.bischoff-scheck.de\/#website"},"primaryImageOfPage":{"@id":"https:\/\/www.bischoff-scheck.de\/en\/bnn-der-test-findet-im-truck-statt\/#primaryimage"},"image":{"@id":"https:\/\/www.bischoff-scheck.de\/en\/bnn-der-test-findet-im-truck-statt\/#primaryimage"},"thumbnailUrl":"https:\/\/www.bischoff-scheck.de\/wp-content\/uploads\/2021\/04\/Bild_ABB_2021_04_28.jpg","datePublished":"2021-04-29T12:26:39+00:00","dateModified":"2021-06-15T13:10:52+00:00","description":"28. April 2021 | Der Test findet im Truck statt - Ein mobiles Labor f\u00fcr Corona-Schnelltests stellt das Unternehmen Bischoff und Scheck her","breadcrumb":{"@id":"https:\/\/www.bischoff-scheck.de\/en\/bnn-der-test-findet-im-truck-statt\/#breadcrumb"},"inLanguage":"en-US","potentialAction":[{"@type":"ReadAction","target":["https:\/\/www.bischoff-scheck.de\/en\/bnn-der-test-findet-im-truck-statt\/"]}]},{"@type":"ImageObject","inLanguage":"en-US","@id":"https:\/\/www.bischoff-scheck.de\/en\/bnn-der-test-findet-im-truck-statt\/#primaryimage","url":"https:\/\/www.bischoff-scheck.de\/wp-content\/uploads\/2021\/04\/Bild_ABB_2021_04_28.jpg","contentUrl":"https:\/\/www.bischoff-scheck.de\/wp-content\/uploads\/2021\/04\/Bild_ABB_2021_04_28.jpg","width":1030,"height":579,"caption":"Test im Truck - MobiLab"},{"@type":"BreadcrumbList","@id":"https:\/\/www.bischoff-scheck.de\/en\/bnn-der-test-findet-im-truck-statt\/#breadcrumb","itemListElement":[{"@type":"ListItem","position":1,"name":"Startseite","item":"https:\/\/www.bischoff-scheck.de\/en\/"},{"@type":"ListItem","position":2,"name":"BNN | Der Test findet im Truck statt"}]},{"@type":"WebSite","@id":"https:\/\/www.bischoff-scheck.de\/#website","url":"https:\/\/www.bischoff-scheck.de\/","name":"Bischoff + Scheck GmbH - Spezialisten im Fahrzeugbau","description":"Moving Ideas","publisher":{"@id":"https:\/\/www.bischoff-scheck.de\/#organization"},"potentialAction":[{"@type":"SearchAction","target":{"@type":"EntryPoint","urlTemplate":"https:\/\/www.bischoff-scheck.de\/?s={search_term_string}"},"query-input":{"@type":"PropertyValueSpecification","valueRequired":true,"valueName":"search_term_string"}}],"inLanguage":"en-US"},{"@type":"Organization","@id":"https:\/\/www.bischoff-scheck.de\/#organization","name":"Bischoff + Scheck AG","url":"https:\/\/www.bischoff-scheck.de\/","logo":{"@type":"ImageObject","inLanguage":"en-US","@id":"https:\/\/www.bischoff-scheck.de\/#\/schema\/logo\/image\/","url":"https:\/\/www.bischoff-scheck.de\/wp-content\/uploads\/2020\/12\/BS_Wortmarke_Black-1.png","contentUrl":"https:\/\/www.bischoff-scheck.de\/wp-content\/uploads\/2020\/12\/BS_Wortmarke_Black-1.png","width":1030,"height":105,"caption":"Bischoff + Scheck AG"},"image":{"@id":"https:\/\/www.bischoff-scheck.de\/#\/schema\/logo\/image\/"}},{"@type":"Person","@id":"https:\/\/www.bischoff-scheck.de\/#\/schema\/person\/b2fec68290c16eaccde23a1a80b4f6f3","name":"bs-firma2","url":"https:\/\/www.bischoff-scheck.de\/en\/author\/bs-firma2\/"}]}},"_links":{"self":[{"href":"https:\/\/www.bischoff-scheck.de\/en\/wp-json\/wp\/v2\/posts\/15935","targetHints":{"allow":["GET"]}}],"collection":[{"href":"https:\/\/www.bischoff-scheck.de\/en\/wp-json\/wp\/v2\/posts"}],"about":[{"href":"https:\/\/www.bischoff-scheck.de\/en\/wp-json\/wp\/v2\/types\/post"}],"author":[{"embeddable":true,"href":"https:\/\/www.bischoff-scheck.de\/en\/wp-json\/wp\/v2\/users\/12"}],"replies":[{"embeddable":true,"href":"https:\/\/www.bischoff-scheck.de\/en\/wp-json\/wp\/v2\/comments?post=15935"}],"version-history":[{"count":5,"href":"https:\/\/www.bischoff-scheck.de\/en\/wp-json\/wp\/v2\/posts\/15935\/revisions"}],"predecessor-version":[{"id":15940,"href":"https:\/\/www.bischoff-scheck.de\/en\/wp-json\/wp\/v2\/posts\/15935\/revisions\/15940"}],"wp:featuredmedia":[{"embeddable":true,"href":"https:\/\/www.bischoff-scheck.de\/en\/wp-json\/wp\/v2\/media\/15222"}],"wp:attachment":[{"href":"https:\/\/www.bischoff-scheck.de\/en\/wp-json\/wp\/v2\/media?parent=15935"}],"wp:term":[{"taxonomy":"category","embeddable":true,"href":"https:\/\/www.bischoff-scheck.de\/en\/wp-json\/wp\/v2\/categories?post=15935"},{"taxonomy":"post_tag","embeddable":true,"href":"https:\/\/www.bischoff-scheck.de\/en\/wp-json\/wp\/v2\/tags?post=15935"}],"curies":[{"name":"wp","href":"https:\/\/api.w.org\/{rel}","templated":true}]}}