{"id":13443,"date":"2020-06-18T15:58:09","date_gmt":"2020-06-18T13:58:09","guid":{"rendered":"https:\/\/www.bischoff-scheck.de\/idw-schnelle-vor-ort-testung-bei-zeitkritischen-pandemiegeschehen-mobile-einheiten-und-sicherheitslabore\/"},"modified":"2021-06-17T12:09:21","modified_gmt":"2021-06-17T10:09:21","slug":"idw-schnelle-vor-ort-testung-bei-zeitkritischen-pandemiegeschehen-mobile-einheiten-und-sicherheitslabore","status":"publish","type":"post","link":"https:\/\/www.bischoff-scheck.de\/en\/idw-schnelle-vor-ort-testung-bei-zeitkritischen-pandemiegeschehen-mobile-einheiten-und-sicherheitslabore\/","title":{"rendered":"idw | Schnelle Vor-Ort-Testung bei zeitkritischen Pandemiegeschehen: Mobile Einheiten und Sicherheitslabore"},"content":{"rendered":"<div class=\"flex_column av_one_full  flex_column_div av-zero-column-padding first  avia-builder-el-0  el_before_av_one_full  avia-builder-el-first  \" style='border-radius:0px; '><\/div>\n<div class=\"flex_column av_one_full  flex_column_div av-zero-column-padding first  avia-builder-el-1  el_after_av_one_full  el_before_av_one_full  column-top-margin\" style='border-radius:0px; '><\/div>\n<div class=\"flex_column av_one_full  flex_column_div av-zero-column-padding first  avia-builder-el-2  el_after_av_one_full  el_before_av_one_full  column-top-margin\" style='border-radius:0px; '><section class=\"av_textblock_section \"  itemscope=\"itemscope\" itemtype=\"https:\/\/schema.org\/BlogPosting\" itemprop=\"blogPost\" ><div class='avia_textblock  '   itemprop=\"text\" ><h2>idw | Schnelle Vor-Ort-Testung bei zeitkritischen Pandemiegeschehen: Mobile Einheiten und Sicherheitslabore<\/h2>\n<\/div><\/section><\/div><div class=\"flex_column av_one_full  flex_column_div av-zero-column-padding first  avia-builder-el-4  el_after_av_one_full  el_before_av_textblock  column-top-margin\" style='border-radius:0px; '><\/div><\/p>\n<section class=\"av_textblock_section \"  itemscope=\"itemscope\" itemtype=\"https:\/\/schema.org\/BlogPosting\" itemprop=\"blogPost\" ><div class='avia_textblock  '   itemprop=\"text\" ><div class=\"footer\">\n<div>\n<p>18. Juni 2020 | Der bemerkenswerte Technologievorsprung des Fraunhofer-Instituts f\u00fcr Biomedizinische Technik IBMT im Bereich mobiler epidemiologischer Labore sowie seine langj\u00e4hrige Expertise im Aufbau von biologischen Sicherheitslaboren und im Umgang mit biotechnologischen Proben tr\u00e4gt gerade in Zeiten der Corona-Pandemie zum Kampf gegen das SARS-CoV-2-Virus bei. Das vom Fraunhofer IBMT in Zusammenarbeit mit dem Fahrzeughersteller Bischoff &amp; Scheck im Projekt \u00bbLabor der Zukunft\u00ab konzipierte und erbaute mobile epidemiologische Labor (epiLab) kommt am 18. Juni 2020 vor Ort in Rheinm\u00fcnster zur SARS-CoV-2-Antik\u00f6rpertestung der Mitarbeiter von Bischoff &amp; Scheck zum Einsatz.<\/p>\n<\/div>\n<p>Die Corona-Pandemiesituation stellt aktuell und auch zuk\u00fcnftig Arbeitgeber vor gr\u00f6\u00dfte Herausforderungen. Sie tragen die unternehmerische und auch menschliche Verantwortung sowohl f\u00fcr die Gesundheit, als auch f\u00fcr die Arbeitspl\u00e4tze ihrer Mitarbeitenden. Gleichzeitig m\u00fcssen sie den langfristigen Fortbestand ihrer Unternehmen mit der daf\u00fcr essenziellen Produktivit\u00e4t sichern. Die M\u00f6glichkeit, sehr fr\u00fchzeitig eine unbemerkte Ausbreitung der SARS-CoV-2-Infektion im eigenen Unternehmen festzustellen und zu verhindern, ist somit von gr\u00f6\u00dfter Bedeutung.<\/p>\n<p>Mit dem hochspezialisierten Fraunhofer epiLab brachte das Fraunhofer IBMT bereits in mehreren Eins\u00e4tzen seine langj\u00e4hrige biotechnologische Erfahrung f\u00fcr den aktuellen Einsatz gegen das SARS-CoV-2-Virus ein. Im Anschluss an die im April und Mai 2020 im Poolingverfahren durchgef\u00fchrten PCR-Testungen auf SARS-CoV-2-Infektionen in saarl\u00e4ndischen Senioren- und Pflegeeinrichtungen, k\u00f6nnen sich alle Mitarbeitenden des Fraunhofer IBMT Ende Mai 2020 und Anfang Juni 2020 auf freiwilliger Basis direkt im mobilen Labor an der Arbeitsst\u00e4tte auf SARS-CoV-2-Antik\u00f6rper testen lassen.<\/p>\n<p>Die Bischoff &amp; Scheck AG, Rheinm\u00fcnster, bietet nun auch seinen Mitarbeitern am 18. Juni 2020 einen freiwilligen Test auf SARS-CoV-2-Antik\u00f6rper an. In Kooperation mit einem niedergelassenen Arzt konnten die Tests im mobilen epidemiologischen Labor (epiLab) sozusagen direkt im Unternehmen, nat\u00fcrlich unter Ber\u00fccksichtigung der geltenden Hygienevorschriften zielgerichtet und hocheffizient durchgef\u00fchrt werden.<\/p>\n<p>Die Testpersonen betreten nach Handdesinfektion mit einem Mund-\/Nasenschutz das mobile epiLab. Dort strecken sie nur ihre Hand durch ein Schleusensystem in den Laborteil, wo vom medizinischen Fachpersonal ein Blutstropfen aus dem Finger entnommen und auf die Testkassette des Antik\u00f6rper-Testkits gegeben wird. Die Testpersonen verlassen das epiLab anschlie\u00dfend durch den hinteren Ausgang des mobilen Labors, so dass ein \u00bbEinbahnstra\u00dfensystem\u00ab gew\u00e4hrleistet ist.<\/p>\n<p>Innerhalb von nur 20 Minuten detektiert der Test die Immunglobuline IgM und IgG, die sich bei einer Infektion mit dem Coronavirus im Blut der Betroffenen befinden. Somit kann eine akute oder fr\u00fchere Infektion mit SARS-CoV-2 nachgewiesen werden und direkte Ma\u00dfnahmen wie zum Beispiel eine PCR-Testung und weitere serologische Tests eingeleitet werden. Durch den Zeit- und Informationsgewinn k\u00f6nnen somit u. U. externe Eingriffe auf Unternehmen und Institution abgefedert bzw. gemildert werden.<\/p>\n<p>Mobile Sicherheitslabore \u2013 Eine Spezialit\u00e4t der Fraunhofer-Wissenschaftler<\/p>\n<p>Das mobile epiLab entstand urspr\u00fcnglich im Projekt \u00bbLabor der Zukunft\u00bb, gef\u00f6rdert durch die Saarl\u00e4ndische Landesregierung. Die Erhaltung des epiLabs wird \u00fcber die durch das Fraunhofer IBMT durchgef\u00fchrten Probenahmen der \u00bbUmweltprobenbank des Bundes \u2013 Humanproben\u00ab des Umweltbundesamts kofinanziert. Es f\u00e4hrt seit nunmehr neun Jahren und sammelt bundesweit humanes Probenmaterial f\u00fcr das Umweltbundesamt. Den professionellen Umgang mit hochinfekti\u00f6sem Probenmaterial erwarben die Mitarbeiter des IBMT in der Vergangenheit in einem internationalen Projekt zur Virusimpfstoffentwicklung \u00bbGlobal HIV Vaccine Research Cryorepository (GHRC)\u00ab, das durch die Bill &amp; Melinda Gates Foundation im Rahmen der \u00bbCollaboration of AIDS Vaccine Discovery (CAVD)\u00ab gef\u00f6rdert wurde und gro\u00dfe internationale Aufmerksamkeit mit sich brachte.<\/p>\n<p>Das Fraunhofer epiLab besitzt getrennte Areale f\u00fcr den Testpersonenverkehr (20 m2) mit ein-direktionaler Wegef\u00fchrung, einen vollausgestatteten Probeentnahme- und Testlaborbereich (16 m2) unter der biologischen Sicherheitsstufe S2 nach BioStoffV mit Personalschleuse und separatem Kryolager f\u00fcr die direkte Aufarbeitung der Testproben, der Durchf\u00fchrung, hier der SARS-CoV-2-Antik\u00f6rpertests und ggf. der Kryokonservierung und Archivierung der gesammelten Proben. Dadurch sind Testprobanden und medizinisches Personal bei der Probenentnahme und wissenschaftliches Personal durch Schleusen vollkommen voneinander getrennt, sodass das Risiko einer Ansteckung bei der Probenahme auf ein Minimum reduziert wird. Neben der Gew\u00e4hrleistung der sicheren Probenentnahme ist das epiLab weiterhin f\u00fcr die Erstellung von Testpools und der Durchf\u00fchrung der Antik\u00f6rper-Tests vor Ort funktionell komplett ausgestattet.<\/p>\n<p>Nach erfolgreichem Abschluss k\u00f6nnen die etablierten Protokolle leicht auf eine deutschlandweite oder weltweite Hochdurchsatztestung \u00fcbertragen werden. Gerade der Einsatz und die Validierung des epiLabs f\u00fcr die Durchf\u00fchrung von Pooltestungen und Schnelltests erlaubt auch eine breitangelegte Testung in L\u00e4ndern oder Regionen, die keine entsprechende Laborinfrastruktur besitzen.<\/p>\n<p>Hintergrund-Informationen zur Fraunhofer IBMT-Expertise<\/p>\n<p>Neben der Expertise in der Entwicklung von mobilen Laboreinheiten zum Einsatz in Bereichen des Biomonitorings und der Sammlung von prim\u00e4rem humanen Probenmaterial \u2013 auch infekti\u00f6sen Patientenproben \u2013 verf\u00fcgt das Fraunhofer IBMT \u00fcber hochqualifiziertes Personal, um Proof-of-Concept-Studien in k\u00fcrzester Zeit durchzuf\u00fchren. In der Hauptabteilung \u00bbMedizinische Biotechnologie\u00ab unter der Leitung des Virologen Prof. Dr. Hagen von Briesen ist die Arbeitsgruppe \u00bbZellul\u00e4re Bioprozesse\u00ab angesiedelt. Dort werden seit Jahren zukunftsweisende Plattformen zum Sammeln, Pr\u00e4parieren, Konservieren und zur Verteilung von Bioreagenzien und klinischen Proben f\u00fcr weltweite Netzwerke entwickelt. Hierzu z\u00e4hlen optimierte Prozesse der Probenherstellung und -aufarbeitung und deren Kryokonservierung. In diesem Zusammenhang wurde am Fraunhofer IBMT im Rahmen der globalen Initiative zur Entwicklung eines HIV-Impfstoffes (Collaboration for AIDS Vaccine Discovery \u2013 CAVD) eine globale HIV-Kryobank der Sicherheitsstufe S3 aufgebaut, die von der Bill &amp; Melinda Gates Foundation und der saarl\u00e4ndischen Landesregierung finanziell getragen wird. Die Laborbereiche und die angeschlossene Kryobank f\u00fcr Bioreagenzien unterstehen einem zertifizierten Qualit\u00e4tssicherungsprogramm, welches das Arbeiten nach den Richtlinien der \u00bbGood Clinical Laboratory Practice\u00ab (GCLP) und der DIN EN ISO 9001:2015 kontrolliert. So erfolgt hier beispielsweise die Produktion von HIV-1-Pseudoviren oder infekti\u00f6sen HIV-1-Klonen oder die Durchf\u00fchrung von zellbasierten Tests, wie Neutralisations- und Immunassays. Ebenso werden hier zellbasierte Assays entwickelt, optimiert und validiert. Damit bietet die Hauptabteilung \u00bbMedizinische Biotechnologie\u00ab eine Plattform f\u00fcr die weitere Entwicklung und klinische Testung von neuen Diagnostika, Impfstoffen und neuen Therapien. Des Weiteren ist in der Hauptabteilung die \u00bbUmweltprobenbank des Bundes \u2013 Humanproben\u00ab in der Arbeitsgruppe \u00bbBiomonitoring &amp; Biobanken\u00ab angesiedelt. Dort kommt schon seit Jahren das mobile Labor des Fraunhofer IBMT zum regelm\u00e4\u00dfigem deutschlandweiten Sammeln von humanem Prim\u00e4rmaterial zum Einsatz. Die Labore dieser Arbeitsgruppe sind ebenfalls nach DIN EN ISO 9001:2015 zertifiziert und zus\u00e4tzlich ist das epiLab nach DIN EN ISO\/IEC 17025 f\u00fcr Pr\u00fcfungen im Bereich \u00bbGesundheitsversorgung \u2013 Medizinische Laboratoriumsuntersuchungen im Rahmen von klinischen Studien\u00ab akkreditiert.<\/p>\n<\/div>\n<div class=\"pressArticleParsys parsys\">\n<div class=\"fhg-content-article fhg-grid\">\n<article>\n<div class=\"row\">\n<div class=\"fhg-grid-item fhg-grid-3-2-1 fhg-inline-image\">\n<div class=\"fhg-content fhg-richtext\">\n<p><em><span class=\"type\">Quelle:<\/span> <a href=\"https:\/\/nachrichten.idw-online.de\/2020\/06\/18\/schnelle-vor-ort-testung-bei-zeitkritischen-pandemiegeschehen-mobile-einheiten-und-sicherheitslabore\/?groupcolor=3\" target=\"_blank\" rel=\"noopener noreferrer\">www.nachrichten.idw-online.de<\/a><\/em><\/p>\n<\/div>\n<\/div>\n<\/div>\n<\/article>\n<\/div>\n<\/div>\n<\/div><\/section>\n<div class=\"flex_column av_one_full  flex_column_div av-zero-column-padding first  avia-builder-el-6  el_after_av_textblock  avia-builder-el-last  column-top-margin\" style='border-radius:0px; '><section class=\"av_textblock_section \"  itemscope=\"itemscope\" itemtype=\"https:\/\/schema.org\/BlogPosting\" itemprop=\"blogPost\" ><div class='avia_textblock  '   itemprop=\"text\" ><p><strong>F\u00fcr n\u00e4here Informationen zum <a href=\"https:\/\/www.bischoff-scheck.de\/en\/vehicles\/medical-vehicles\/\" target=\"_blank\" rel=\"noopener\">MobiLab<\/a> nehmen Sie Kontakt mit uns auf!<\/strong><\/p>\n<p><strong>Ihr Ansprechpartner:<br \/>\n<\/strong><strong>Bernd Bischoff<br \/>\n<\/strong><em>Technischer Leiter \/ technical director<\/em><\/p>\n<p>Tel.: ++49 (0) 7229 \/ 18680-40<br \/>\nFax: ++49 (0) 7229 \/ 18680-68<\/p>\n<p>mailto: <a href=\"mailto:vorname.nachname@bischoff-scheck.de\">bernd.bischoff@bischoff-scheck.de<\/a><\/p>\n<\/div><\/section><\/div>\n","protected":false},"excerpt":{"rendered":"","protected":false},"author":7,"featured_media":11752,"comment_status":"closed","ping_status":"closed","sticky":false,"template":"","format":"standard","meta":{"_acf_changed":false,"footnotes":""},"categories":[112],"tags":[114,115,113,116],"class_list":["post-13443","post","type-post","status-publish","format-standard","has-post-thumbnail","hentry","category-press","tag-coronavirus-en","tag-mobile-lab-en","tag-sars-cov-2-en","tag-sicherheitslabore-en"],"acf":[],"yoast_head":"<!-- This site is optimized with the Yoast SEO Premium plugin v27.1 (Yoast SEO v27.1.1) - https:\/\/yoast.com\/product\/yoast-seo-premium-wordpress\/ -->\n<title>- Mobile Einheiten und Sicherheitslabore von Bischoff + Scheck<\/title>\n<meta name=\"description\" content=\"IDW online: Mobile Einheiten und Sicherheitslabore. Bischoff &amp; Scheck AG bietet seinen Mitarbeitern einen freiwilligen Test auf SARS-CoV-2-Antik\u00f6rper an.\" \/>\n<meta name=\"robots\" content=\"index, follow, max-snippet:-1, max-image-preview:large, max-video-preview:-1\" \/>\n<link rel=\"canonical\" href=\"https:\/\/www.bischoff-scheck.de\/en\/idw-schnelle-vor-ort-testung-bei-zeitkritischen-pandemiegeschehen-mobile-einheiten-und-sicherheitslabore\/\" \/>\n<meta property=\"og:locale\" content=\"en_US\" \/>\n<meta property=\"og:type\" content=\"article\" \/>\n<meta property=\"og:title\" content=\"idw | Schnelle Vor-Ort-Testung bei zeitkritischen Pandemiegeschehen: Mobile Einheiten und Sicherheitslabore\" \/>\n<meta property=\"og:description\" content=\"IDW online: Mobile Einheiten und Sicherheitslabore. Bischoff &amp; Scheck AG bietet seinen Mitarbeitern einen freiwilligen Test auf SARS-CoV-2-Antik\u00f6rper an.\" \/>\n<meta property=\"og:url\" content=\"https:\/\/www.bischoff-scheck.de\/en\/idw-schnelle-vor-ort-testung-bei-zeitkritischen-pandemiegeschehen-mobile-einheiten-und-sicherheitslabore\/\" \/>\n<meta property=\"og:site_name\" content=\"Bischoff + Scheck GmbH - Spezialisten im Fahrzeugbau\" \/>\n<meta property=\"article:published_time\" content=\"2020-06-18T13:58:09+00:00\" \/>\n<meta property=\"article:modified_time\" content=\"2021-06-17T10:09:21+00:00\" \/>\n<meta property=\"og:image\" content=\"https:\/\/www.bischoff-scheck.de\/wp-content\/uploads\/2020\/06\/PRESSEBEITRAG_1.jpg\" \/>\n\t<meta property=\"og:image:width\" content=\"1500\" \/>\n\t<meta property=\"og:image:height\" content=\"900\" \/>\n\t<meta property=\"og:image:type\" content=\"image\/jpeg\" \/>\n<meta name=\"author\" content=\"jm-ad\" \/>\n<meta name=\"twitter:card\" content=\"summary_large_image\" \/>\n<meta name=\"twitter:label1\" content=\"Written by\" \/>\n\t<meta name=\"twitter:data1\" content=\"jm-ad\" \/>\n\t<meta name=\"twitter:label2\" content=\"Est. reading time\" \/>\n\t<meta name=\"twitter:data2\" content=\"9 minutes\" \/>\n<script type=\"application\/ld+json\" class=\"yoast-schema-graph\">{\"@context\":\"https:\/\/schema.org\",\"@graph\":[{\"@type\":\"Article\",\"@id\":\"https:\/\/www.bischoff-scheck.de\/en\/idw-schnelle-vor-ort-testung-bei-zeitkritischen-pandemiegeschehen-mobile-einheiten-und-sicherheitslabore\/#article\",\"isPartOf\":{\"@id\":\"https:\/\/www.bischoff-scheck.de\/en\/idw-schnelle-vor-ort-testung-bei-zeitkritischen-pandemiegeschehen-mobile-einheiten-und-sicherheitslabore\/\"},\"author\":{\"name\":\"jm-ad\",\"@id\":\"https:\/\/www.bischoff-scheck.de\/#\/schema\/person\/c1da4d6fcc522f862dfcb5df6d07a3f5\"},\"headline\":\"idw | Schnelle Vor-Ort-Testung bei zeitkritischen Pandemiegeschehen: Mobile Einheiten und Sicherheitslabore\",\"datePublished\":\"2020-06-18T13:58:09+00:00\",\"dateModified\":\"2021-06-17T10:09:21+00:00\",\"mainEntityOfPage\":{\"@id\":\"https:\/\/www.bischoff-scheck.de\/en\/idw-schnelle-vor-ort-testung-bei-zeitkritischen-pandemiegeschehen-mobile-einheiten-und-sicherheitslabore\/\"},\"wordCount\":1592,\"publisher\":{\"@id\":\"https:\/\/www.bischoff-scheck.de\/#organization\"},\"image\":{\"@id\":\"https:\/\/www.bischoff-scheck.de\/en\/idw-schnelle-vor-ort-testung-bei-zeitkritischen-pandemiegeschehen-mobile-einheiten-und-sicherheitslabore\/#primaryimage\"},\"thumbnailUrl\":\"https:\/\/www.bischoff-scheck.de\/wp-content\/uploads\/2020\/06\/PRESSEBEITRAG_1.jpg\",\"keywords\":[\"Coronavirus\",\"mobile Lab\",\"SARS-CoV-2\",\"Sicherheitslabore\"],\"articleSection\":[\"Press\"],\"inLanguage\":\"en-US\"},{\"@type\":\"WebPage\",\"@id\":\"https:\/\/www.bischoff-scheck.de\/en\/idw-schnelle-vor-ort-testung-bei-zeitkritischen-pandemiegeschehen-mobile-einheiten-und-sicherheitslabore\/\",\"url\":\"https:\/\/www.bischoff-scheck.de\/en\/idw-schnelle-vor-ort-testung-bei-zeitkritischen-pandemiegeschehen-mobile-einheiten-und-sicherheitslabore\/\",\"name\":\"- Mobile Einheiten und Sicherheitslabore von Bischoff + Scheck\",\"isPartOf\":{\"@id\":\"https:\/\/www.bischoff-scheck.de\/#website\"},\"primaryImageOfPage\":{\"@id\":\"https:\/\/www.bischoff-scheck.de\/en\/idw-schnelle-vor-ort-testung-bei-zeitkritischen-pandemiegeschehen-mobile-einheiten-und-sicherheitslabore\/#primaryimage\"},\"image\":{\"@id\":\"https:\/\/www.bischoff-scheck.de\/en\/idw-schnelle-vor-ort-testung-bei-zeitkritischen-pandemiegeschehen-mobile-einheiten-und-sicherheitslabore\/#primaryimage\"},\"thumbnailUrl\":\"https:\/\/www.bischoff-scheck.de\/wp-content\/uploads\/2020\/06\/PRESSEBEITRAG_1.jpg\",\"datePublished\":\"2020-06-18T13:58:09+00:00\",\"dateModified\":\"2021-06-17T10:09:21+00:00\",\"description\":\"IDW online: Mobile Einheiten und Sicherheitslabore. Bischoff & Scheck AG bietet seinen Mitarbeitern einen freiwilligen Test auf SARS-CoV-2-Antik\u00f6rper an.\",\"breadcrumb\":{\"@id\":\"https:\/\/www.bischoff-scheck.de\/en\/idw-schnelle-vor-ort-testung-bei-zeitkritischen-pandemiegeschehen-mobile-einheiten-und-sicherheitslabore\/#breadcrumb\"},\"inLanguage\":\"en-US\",\"potentialAction\":[{\"@type\":\"ReadAction\",\"target\":[\"https:\/\/www.bischoff-scheck.de\/en\/idw-schnelle-vor-ort-testung-bei-zeitkritischen-pandemiegeschehen-mobile-einheiten-und-sicherheitslabore\/\"]}]},{\"@type\":\"ImageObject\",\"inLanguage\":\"en-US\",\"@id\":\"https:\/\/www.bischoff-scheck.de\/en\/idw-schnelle-vor-ort-testung-bei-zeitkritischen-pandemiegeschehen-mobile-einheiten-und-sicherheitslabore\/#primaryimage\",\"url\":\"https:\/\/www.bischoff-scheck.de\/wp-content\/uploads\/2020\/06\/PRESSEBEITRAG_1.jpg\",\"contentUrl\":\"https:\/\/www.bischoff-scheck.de\/wp-content\/uploads\/2020\/06\/PRESSEBEITRAG_1.jpg\",\"width\":1500,\"height\":900,\"caption\":\"schnelle Corona Tests vor Ort\"},{\"@type\":\"BreadcrumbList\",\"@id\":\"https:\/\/www.bischoff-scheck.de\/en\/idw-schnelle-vor-ort-testung-bei-zeitkritischen-pandemiegeschehen-mobile-einheiten-und-sicherheitslabore\/#breadcrumb\",\"itemListElement\":[{\"@type\":\"ListItem\",\"position\":1,\"name\":\"Startseite\",\"item\":\"https:\/\/www.bischoff-scheck.de\/en\/\"},{\"@type\":\"ListItem\",\"position\":2,\"name\":\"idw | Schnelle Vor-Ort-Testung bei zeitkritischen Pandemiegeschehen: Mobile Einheiten und Sicherheitslabore\"}]},{\"@type\":\"WebSite\",\"@id\":\"https:\/\/www.bischoff-scheck.de\/#website\",\"url\":\"https:\/\/www.bischoff-scheck.de\/\",\"name\":\"Bischoff + Scheck GmbH - Spezialisten im Fahrzeugbau\",\"description\":\"Moving Ideas\",\"publisher\":{\"@id\":\"https:\/\/www.bischoff-scheck.de\/#organization\"},\"potentialAction\":[{\"@type\":\"SearchAction\",\"target\":{\"@type\":\"EntryPoint\",\"urlTemplate\":\"https:\/\/www.bischoff-scheck.de\/?s={search_term_string}\"},\"query-input\":{\"@type\":\"PropertyValueSpecification\",\"valueRequired\":true,\"valueName\":\"search_term_string\"}}],\"inLanguage\":\"en-US\"},{\"@type\":\"Organization\",\"@id\":\"https:\/\/www.bischoff-scheck.de\/#organization\",\"name\":\"Bischoff + Scheck AG\",\"url\":\"https:\/\/www.bischoff-scheck.de\/\",\"logo\":{\"@type\":\"ImageObject\",\"inLanguage\":\"en-US\",\"@id\":\"https:\/\/www.bischoff-scheck.de\/#\/schema\/logo\/image\/\",\"url\":\"https:\/\/www.bischoff-scheck.de\/wp-content\/uploads\/2020\/12\/BS_Wortmarke_Black-1.png\",\"contentUrl\":\"https:\/\/www.bischoff-scheck.de\/wp-content\/uploads\/2020\/12\/BS_Wortmarke_Black-1.png\",\"width\":1030,\"height\":105,\"caption\":\"Bischoff + Scheck AG\"},\"image\":{\"@id\":\"https:\/\/www.bischoff-scheck.de\/#\/schema\/logo\/image\/\"}},{\"@type\":\"Person\",\"@id\":\"https:\/\/www.bischoff-scheck.de\/#\/schema\/person\/c1da4d6fcc522f862dfcb5df6d07a3f5\",\"name\":\"jm-ad\",\"url\":\"https:\/\/www.bischoff-scheck.de\/en\/author\/jm-ad\/\"}]}<\/script>\n<!-- \/ Yoast SEO Premium plugin. -->","yoast_head_json":{"title":"- Mobile Einheiten und Sicherheitslabore von Bischoff + Scheck","description":"IDW online: Mobile Einheiten und Sicherheitslabore. Bischoff & Scheck AG bietet seinen Mitarbeitern einen freiwilligen Test auf SARS-CoV-2-Antik\u00f6rper an.","robots":{"index":"index","follow":"follow","max-snippet":"max-snippet:-1","max-image-preview":"max-image-preview:large","max-video-preview":"max-video-preview:-1"},"canonical":"https:\/\/www.bischoff-scheck.de\/en\/idw-schnelle-vor-ort-testung-bei-zeitkritischen-pandemiegeschehen-mobile-einheiten-und-sicherheitslabore\/","og_locale":"en_US","og_type":"article","og_title":"idw | Schnelle Vor-Ort-Testung bei zeitkritischen Pandemiegeschehen: Mobile Einheiten und Sicherheitslabore","og_description":"IDW online: Mobile Einheiten und Sicherheitslabore. Bischoff & Scheck AG bietet seinen Mitarbeitern einen freiwilligen Test auf SARS-CoV-2-Antik\u00f6rper an.","og_url":"https:\/\/www.bischoff-scheck.de\/en\/idw-schnelle-vor-ort-testung-bei-zeitkritischen-pandemiegeschehen-mobile-einheiten-und-sicherheitslabore\/","og_site_name":"Bischoff + Scheck GmbH - Spezialisten im Fahrzeugbau","article_published_time":"2020-06-18T13:58:09+00:00","article_modified_time":"2021-06-17T10:09:21+00:00","og_image":[{"width":1500,"height":900,"url":"https:\/\/www.bischoff-scheck.de\/wp-content\/uploads\/2020\/06\/PRESSEBEITRAG_1.jpg","type":"image\/jpeg"}],"author":"jm-ad","twitter_card":"summary_large_image","twitter_misc":{"Written by":"jm-ad","Est. reading time":"9 minutes"},"schema":{"@context":"https:\/\/schema.org","@graph":[{"@type":"Article","@id":"https:\/\/www.bischoff-scheck.de\/en\/idw-schnelle-vor-ort-testung-bei-zeitkritischen-pandemiegeschehen-mobile-einheiten-und-sicherheitslabore\/#article","isPartOf":{"@id":"https:\/\/www.bischoff-scheck.de\/en\/idw-schnelle-vor-ort-testung-bei-zeitkritischen-pandemiegeschehen-mobile-einheiten-und-sicherheitslabore\/"},"author":{"name":"jm-ad","@id":"https:\/\/www.bischoff-scheck.de\/#\/schema\/person\/c1da4d6fcc522f862dfcb5df6d07a3f5"},"headline":"idw | Schnelle Vor-Ort-Testung bei zeitkritischen Pandemiegeschehen: Mobile Einheiten und Sicherheitslabore","datePublished":"2020-06-18T13:58:09+00:00","dateModified":"2021-06-17T10:09:21+00:00","mainEntityOfPage":{"@id":"https:\/\/www.bischoff-scheck.de\/en\/idw-schnelle-vor-ort-testung-bei-zeitkritischen-pandemiegeschehen-mobile-einheiten-und-sicherheitslabore\/"},"wordCount":1592,"publisher":{"@id":"https:\/\/www.bischoff-scheck.de\/#organization"},"image":{"@id":"https:\/\/www.bischoff-scheck.de\/en\/idw-schnelle-vor-ort-testung-bei-zeitkritischen-pandemiegeschehen-mobile-einheiten-und-sicherheitslabore\/#primaryimage"},"thumbnailUrl":"https:\/\/www.bischoff-scheck.de\/wp-content\/uploads\/2020\/06\/PRESSEBEITRAG_1.jpg","keywords":["Coronavirus","mobile Lab","SARS-CoV-2","Sicherheitslabore"],"articleSection":["Press"],"inLanguage":"en-US"},{"@type":"WebPage","@id":"https:\/\/www.bischoff-scheck.de\/en\/idw-schnelle-vor-ort-testung-bei-zeitkritischen-pandemiegeschehen-mobile-einheiten-und-sicherheitslabore\/","url":"https:\/\/www.bischoff-scheck.de\/en\/idw-schnelle-vor-ort-testung-bei-zeitkritischen-pandemiegeschehen-mobile-einheiten-und-sicherheitslabore\/","name":"- Mobile Einheiten und Sicherheitslabore von Bischoff + Scheck","isPartOf":{"@id":"https:\/\/www.bischoff-scheck.de\/#website"},"primaryImageOfPage":{"@id":"https:\/\/www.bischoff-scheck.de\/en\/idw-schnelle-vor-ort-testung-bei-zeitkritischen-pandemiegeschehen-mobile-einheiten-und-sicherheitslabore\/#primaryimage"},"image":{"@id":"https:\/\/www.bischoff-scheck.de\/en\/idw-schnelle-vor-ort-testung-bei-zeitkritischen-pandemiegeschehen-mobile-einheiten-und-sicherheitslabore\/#primaryimage"},"thumbnailUrl":"https:\/\/www.bischoff-scheck.de\/wp-content\/uploads\/2020\/06\/PRESSEBEITRAG_1.jpg","datePublished":"2020-06-18T13:58:09+00:00","dateModified":"2021-06-17T10:09:21+00:00","description":"IDW online: Mobile Einheiten und Sicherheitslabore. Bischoff & Scheck AG bietet seinen Mitarbeitern einen freiwilligen Test auf SARS-CoV-2-Antik\u00f6rper an.","breadcrumb":{"@id":"https:\/\/www.bischoff-scheck.de\/en\/idw-schnelle-vor-ort-testung-bei-zeitkritischen-pandemiegeschehen-mobile-einheiten-und-sicherheitslabore\/#breadcrumb"},"inLanguage":"en-US","potentialAction":[{"@type":"ReadAction","target":["https:\/\/www.bischoff-scheck.de\/en\/idw-schnelle-vor-ort-testung-bei-zeitkritischen-pandemiegeschehen-mobile-einheiten-und-sicherheitslabore\/"]}]},{"@type":"ImageObject","inLanguage":"en-US","@id":"https:\/\/www.bischoff-scheck.de\/en\/idw-schnelle-vor-ort-testung-bei-zeitkritischen-pandemiegeschehen-mobile-einheiten-und-sicherheitslabore\/#primaryimage","url":"https:\/\/www.bischoff-scheck.de\/wp-content\/uploads\/2020\/06\/PRESSEBEITRAG_1.jpg","contentUrl":"https:\/\/www.bischoff-scheck.de\/wp-content\/uploads\/2020\/06\/PRESSEBEITRAG_1.jpg","width":1500,"height":900,"caption":"schnelle Corona Tests vor Ort"},{"@type":"BreadcrumbList","@id":"https:\/\/www.bischoff-scheck.de\/en\/idw-schnelle-vor-ort-testung-bei-zeitkritischen-pandemiegeschehen-mobile-einheiten-und-sicherheitslabore\/#breadcrumb","itemListElement":[{"@type":"ListItem","position":1,"name":"Startseite","item":"https:\/\/www.bischoff-scheck.de\/en\/"},{"@type":"ListItem","position":2,"name":"idw | Schnelle Vor-Ort-Testung bei zeitkritischen Pandemiegeschehen: Mobile Einheiten und Sicherheitslabore"}]},{"@type":"WebSite","@id":"https:\/\/www.bischoff-scheck.de\/#website","url":"https:\/\/www.bischoff-scheck.de\/","name":"Bischoff + Scheck GmbH - Spezialisten im Fahrzeugbau","description":"Moving Ideas","publisher":{"@id":"https:\/\/www.bischoff-scheck.de\/#organization"},"potentialAction":[{"@type":"SearchAction","target":{"@type":"EntryPoint","urlTemplate":"https:\/\/www.bischoff-scheck.de\/?s={search_term_string}"},"query-input":{"@type":"PropertyValueSpecification","valueRequired":true,"valueName":"search_term_string"}}],"inLanguage":"en-US"},{"@type":"Organization","@id":"https:\/\/www.bischoff-scheck.de\/#organization","name":"Bischoff + Scheck AG","url":"https:\/\/www.bischoff-scheck.de\/","logo":{"@type":"ImageObject","inLanguage":"en-US","@id":"https:\/\/www.bischoff-scheck.de\/#\/schema\/logo\/image\/","url":"https:\/\/www.bischoff-scheck.de\/wp-content\/uploads\/2020\/12\/BS_Wortmarke_Black-1.png","contentUrl":"https:\/\/www.bischoff-scheck.de\/wp-content\/uploads\/2020\/12\/BS_Wortmarke_Black-1.png","width":1030,"height":105,"caption":"Bischoff + Scheck AG"},"image":{"@id":"https:\/\/www.bischoff-scheck.de\/#\/schema\/logo\/image\/"}},{"@type":"Person","@id":"https:\/\/www.bischoff-scheck.de\/#\/schema\/person\/c1da4d6fcc522f862dfcb5df6d07a3f5","name":"jm-ad","url":"https:\/\/www.bischoff-scheck.de\/en\/author\/jm-ad\/"}]}},"_links":{"self":[{"href":"https:\/\/www.bischoff-scheck.de\/en\/wp-json\/wp\/v2\/posts\/13443","targetHints":{"allow":["GET"]}}],"collection":[{"href":"https:\/\/www.bischoff-scheck.de\/en\/wp-json\/wp\/v2\/posts"}],"about":[{"href":"https:\/\/www.bischoff-scheck.de\/en\/wp-json\/wp\/v2\/types\/post"}],"author":[{"embeddable":true,"href":"https:\/\/www.bischoff-scheck.de\/en\/wp-json\/wp\/v2\/users\/7"}],"replies":[{"embeddable":true,"href":"https:\/\/www.bischoff-scheck.de\/en\/wp-json\/wp\/v2\/comments?post=13443"}],"version-history":[{"count":6,"href":"https:\/\/www.bischoff-scheck.de\/en\/wp-json\/wp\/v2\/posts\/13443\/revisions"}],"predecessor-version":[{"id":15994,"href":"https:\/\/www.bischoff-scheck.de\/en\/wp-json\/wp\/v2\/posts\/13443\/revisions\/15994"}],"wp:featuredmedia":[{"embeddable":true,"href":"https:\/\/www.bischoff-scheck.de\/en\/wp-json\/wp\/v2\/media\/11752"}],"wp:attachment":[{"href":"https:\/\/www.bischoff-scheck.de\/en\/wp-json\/wp\/v2\/media?parent=13443"}],"wp:term":[{"taxonomy":"category","embeddable":true,"href":"https:\/\/www.bischoff-scheck.de\/en\/wp-json\/wp\/v2\/categories?post=13443"},{"taxonomy":"post_tag","embeddable":true,"href":"https:\/\/www.bischoff-scheck.de\/en\/wp-json\/wp\/v2\/tags?post=13443"}],"curies":[{"name":"wp","href":"https:\/\/api.w.org\/{rel}","templated":true}]}}