{"id":13441,"date":"2020-06-18T12:40:31","date_gmt":"2020-06-18T10:40:31","guid":{"rendered":"https:\/\/www.bischoff-scheck.de\/bnn-firma-aus-rheinmuenster-stellt-mobilen-container-fuer-corona-schnelltests-vor\/"},"modified":"2021-06-15T15:07:30","modified_gmt":"2021-06-15T13:07:30","slug":"bnn-firma-aus-rheinmuenster-stellt-mobilen-container-fuer-corona-schnelltests-vor","status":"publish","type":"post","link":"https:\/\/www.bischoff-scheck.de\/en\/bnn-firma-aus-rheinmuenster-stellt-mobilen-container-fuer-corona-schnelltests-vor\/","title":{"rendered":"BNN | Firma aus Rheinm\u00fcnster stellt mobilen Container f\u00fcr Corona-Schnelltests vor"},"content":{"rendered":"<div class=\"flex_column av_one_full  flex_column_div av-zero-column-padding first  avia-builder-el-0  el_before_av_one_full  avia-builder-el-first  \" style='border-radius:0px; '><\/div>\n<div class=\"flex_column av_one_full  flex_column_div av-zero-column-padding first  avia-builder-el-1  el_after_av_one_full  el_before_av_one_full  column-top-margin\" style='border-radius:0px; '><\/div>\n<div class=\"flex_column av_one_full  flex_column_div av-zero-column-padding first  avia-builder-el-2  el_after_av_one_full  el_before_av_one_full  column-top-margin\" style='border-radius:0px; '><section class=\"av_textblock_section \"  itemscope=\"itemscope\" itemtype=\"https:\/\/schema.org\/BlogPosting\" itemprop=\"blogPost\" ><div class='avia_textblock  '   itemprop=\"text\" ><h2>BNN | Firma aus Rheinm\u00fcnster stellt mobilen Container f\u00fcr Corona-Schnelltests vor<\/h2>\n<\/div><\/section><\/div><div class=\"flex_column av_one_full  flex_column_div av-zero-column-padding first  avia-builder-el-4  el_after_av_one_full  el_before_av_textblock  column-top-margin\" style='border-radius:0px; '><\/div><\/p>\n<section class=\"av_textblock_section \"  itemscope=\"itemscope\" itemtype=\"https:\/\/schema.org\/BlogPosting\" itemprop=\"blogPost\" ><div class='avia_textblock  '   itemprop=\"text\" ><div class=\"footer\">\n<p class=\"intro\">18. Juni 2020 | <strong>Ein Corona-Labor, das zum Patienten kommt? Der badische Fahrzeugbauer Bischoff und Scheck hat einen Labor-Container f\u00fcr schnelle Covid19-Massentests entwickelt. Damit k\u00f6nnten beispielsweise Unternehmen ihre Mitarbeiter in kurzer Zeit durchtesten und teure Betriebsschlie\u00dfungen verhindern.<\/strong><\/p>\n<p>Die Idee ist bestechend einfach: Im Hof eines Unternehmens, vor einer Beh\u00f6rde oder auf einem Schulhof rollt am Morgen ein gro\u00dfer LKW an und stellt einen wei\u00dfen Container ab.<\/p>\n<p>Im seinem Innern sieht es aus wie in einer modernen Arztpraxis. Am Empfang werden die pers\u00f6nlichen Daten der Besucher aufgenommen, dann erfolgt ein kleiner Pieks in den Mittelfinger und w\u00e4hrend das Blut untersucht wird, wartet die Testperson im Nebenraum. Wenige Minuten sp\u00e4ter bekommt sie ihr Ergebnis mitgeteilt und kann \u2013 sofern keine Anzeichen f\u00fcr das Virus im Blut sind \u2013 sofort an den Arbeitsplatz oder in den Unterricht zur\u00fcckkehren.<\/p>\n<p><img loading=\"lazy\" decoding=\"async\" class=\"alignnone wp-image-9341 size-large\" src=\"https:\/\/www.bischoff-scheck.de\/wp-content\/uploads\/2020\/06\/PRESSEBEITRAG_4-1030x618.jpg\" alt=\"Corona Schnelltest\" width=\"1030\" height=\"618\" srcset=\"https:\/\/www.bischoff-scheck.de\/wp-content\/uploads\/2020\/06\/PRESSEBEITRAG_4-1030x618.jpg 1030w, https:\/\/www.bischoff-scheck.de\/wp-content\/uploads\/2020\/06\/PRESSEBEITRAG_4-300x180.jpg 300w, https:\/\/www.bischoff-scheck.de\/wp-content\/uploads\/2020\/06\/PRESSEBEITRAG_4-768x461.jpg 768w, https:\/\/www.bischoff-scheck.de\/wp-content\/uploads\/2020\/06\/PRESSEBEITRAG_4-705x423.jpg 705w, https:\/\/www.bischoff-scheck.de\/wp-content\/uploads\/2020\/06\/PRESSEBEITRAG_4-450x270.jpg 450w, https:\/\/www.bischoff-scheck.de\/wp-content\/uploads\/2020\/06\/PRESSEBEITRAG_4.jpg 1500w\" sizes=\"auto, (max-width: 1030px) 100vw, 1030px\" \/><\/p>\n<h3>Schnelltest eine Art Wunderwaffe gegen die Pandemie?<\/h3>\n<\/div>\n<p>Mobile Labore f\u00fcr Massentests wie dieses k\u00f6nnten im Kampf gegen eine Pandemie ein sinnvolles Instrument sein, um den Alltag von nicht-infizierten Menschen so normal wie m\u00f6glich zu halten. Ein v\u00f6lliger Lockdown, wie wir ihn gerade erlebt haben, w\u00e4re dann nicht mehr n\u00f6tig. Infizierte Personen k\u00f6nnten identifiziert, isoliert und behandelt werden, noch bevor sie andere anstecken.<\/p>\n<p><cite>Bernd Bischoff, technischer Leiter der Bischoff und Scheck AG<\/cite><\/p>\n<p>\u201eDas ist der Berg, der zum Propheten kommt\u201c, schw\u00e4rmt Bernd Bischoff, technischer Leiter der Bischoff und Scheck AG aus Rheinm\u00fcnster-S\u00f6llingen.<\/p>\n<p>Auf dem Betriebsgel\u00e4nde der Firma am Baden-Airpark befindet sich ein solches Labor gerade im Endausbau. Entwickelt wurde das \u201eMobilab V2.0\u201c in enger Zusammenarbeit mit dem Fraunhofer Institut f\u00fcr biomedizinische Technik (IBMT) im saarl\u00e4ndischen Sankt Ingbert. Die Wissenschaftler dort berieten und unterst\u00fctzten die badische Firma, die sonst auf den Bau von ganz anderen Spezialfahrzeugen spezialisiert ist.<\/p>\n<p>Doch neben Luxuswohnmobilen f\u00fcr Weltumrundungen oder Racetrailer f\u00fcr den Formel-1-Zirkus bauen Bischoff und Scheck seit Jahren auch schon rollende Labore, die in allen Teilen der Welt im Kampf gegen Krankheiten wie Aids oder die Schweinegrippe im Einsatz sind.<\/p>\n<h3>Ohne Tests und Nachweise kein normaler Alltag<\/h3>\n<p>Die aktuelle Corona-Krise hat die Firmenchefs Bernd Bischoff und Volker Scheck auf die Idee f\u00fcr das mobile Covid-19-Labor gebracht. \u201eCorona und der Lockdown haben uns allen ganz deutlich gezeigt, dass es ohne Tests und ohne Nachweis, wer infiziert ist, nicht zu einem normalen Alltag kommen kann\u201c, erkl\u00e4rt Bischoff.<\/p>\n<p>Mobile Massentests erm\u00f6glichten die schnelle Identifizierung von Menschen, die entweder den Krankheitserreger oder bereits Antik\u00f6rper in sich tragen. Im ersten Fall w\u00fcrde eine sofortige Quarant\u00e4ne die Ausbreitung des Virus verhindern, der zweite Fall erm\u00f6glicht es, Menschen mit Antik\u00f6rpern in Bereichen einzusetzen, in denen Personen mit einem erh\u00f6hten Risikofaktor arbeiten.<\/p>\n<p>Die Ergebnisse des ersten Antik\u00f6rpertest, dazu wird ein wenig Blut von Finger abgenommen, liegen laut Bischoff bereits nach wenigen Minuten vor. Wird ein PCR-Test, also ein Abstrich, n\u00f6tig, kann der vor Ort gemacht und innerhalb von nur wenigen Stunden ausgewertet werden. \u201eDiese Art der Testung bringt Klarheit \u00fcber das Ma\u00df der Infektion und kann verhindern, dass sich Hotspots unbemerkt ausbreiten.\u201c<\/p>\n<div class=\"article__content\">\n<div class=\"article__body\">\n<h3>Krankenkassen zahlen noch nichts<\/h3>\n<p>In sechs Wochen soll das erste Mobilab von Bischoff und Scheck startklar sein. Wie der Container dann zum Einsatz kommt, bleibt den Kunden \u00fcberlassen. \u201eWir bieten s\u00e4mtliche Modelle von der Miete \u00fcber das Leasing bis hin zum Kauf an\u201c, so Bernd Bischoff. Die Anschaffungskosten f\u00fcr ein Mobilab liegen bei rund 500.000 Euro. F\u00fcr einen optimalen Arbeitsablauf braucht es dann allerdings noch ein eingespieltes Labor-Team und schlie\u00dflich die Tests selbst.<\/p>\n<p>Je mehr getestet werden, desto geringer die Kosten f\u00fcr die Testung. Idealerweise liegen die bei rund 100 Euro pro getesteter Person. \u201eIm Moment muss das noch jeder Unternehmer ganz allein bezahlen\u201c, so Bischoff. Er hofft allerdings, dass in der Politik schon bald die entsprechenden Weichen gestellt werden und wenigstens ein Teil der Kosten f\u00fcr einen Covid19-Test von den Krankenkassen \u00fcbernommen wird.<\/p>\n<\/div>\n<\/div>\n<p><em><span class=\"type\">Quelle:<\/span> <a href=\"https:\/\/bnn.de\" target=\"_blank\" rel=\"noopener noreferrer\">www.bnn.de<\/a> | <span class=\"type\"><span class=\"credit\">Foto: Hans-J\u00fcrgen Collet<\/span><\/span><\/em><\/p>\n<\/div><\/section>\n<div class=\"flex_column av_one_full  flex_column_div av-zero-column-padding first  avia-builder-el-6  el_after_av_textblock  avia-builder-el-last  column-top-margin\" style='border-radius:0px; '><section class=\"av_textblock_section \"  itemscope=\"itemscope\" itemtype=\"https:\/\/schema.org\/BlogPosting\" itemprop=\"blogPost\" ><div class='avia_textblock  '   itemprop=\"text\" ><p><strong>F\u00fcr n\u00e4here Informationen zum <a href=\"https:\/\/www.bischoff-scheck.de\/en\/vehicles\/medical-vehicles\/\" target=\"_blank\" rel=\"noopener\">MobiLab<\/a> nehmen Sie Kontakt mit uns auf!<\/strong><\/p>\n<p><strong>Ihr Ansprechpartner:<br \/>\n<\/strong><strong>Bernd Bischoff<br \/>\n<\/strong><em>Technischer Leiter \/ technical director<\/em><\/p>\n<p>Tel.: ++49 (0) 7229 \/ 18680-40<br \/>\nFax: ++49 (0) 7229 \/ 18680-68<\/p>\n<p>mailto: <a href=\"mailto:vorname.nachname@bischoff-scheck.de\">bernd.bischoff@bischoff-scheck.de<\/a><\/p>\n<\/div><\/section><\/div>\n","protected":false},"excerpt":{"rendered":"","protected":false},"author":7,"featured_media":11755,"comment_status":"closed","ping_status":"closed","sticky":false,"template":"","format":"standard","meta":{"_acf_changed":false,"footnotes":""},"categories":[112],"tags":[114,115,113,116],"class_list":["post-13441","post","type-post","status-publish","format-standard","has-post-thumbnail","hentry","category-press","tag-coronavirus-en","tag-mobile-lab-en","tag-sars-cov-2-en","tag-sicherheitslabore-en"],"acf":[],"yoast_head":"<!-- This site is optimized with the Yoast SEO Premium plugin v27.1 (Yoast SEO v27.1.1) - https:\/\/yoast.com\/product\/yoast-seo-premium-wordpress\/ -->\n<title>Mobile Container f\u00fcr Corona-Schnelltests von Bischoff + Scheck<\/title>\n<meta name=\"description\" content=\"Ein Corona-Labor, das zum Patienten kommt? Bischoff + Scheck AG hat einen mobilen Container f\u00fcr Corona-Schnelltests entwickelt.\" \/>\n<meta name=\"robots\" content=\"index, follow, max-snippet:-1, max-image-preview:large, max-video-preview:-1\" \/>\n<link rel=\"canonical\" href=\"https:\/\/www.bischoff-scheck.de\/en\/bnn-firma-aus-rheinmuenster-stellt-mobilen-container-fuer-corona-schnelltests-vor\/\" \/>\n<meta property=\"og:locale\" content=\"en_US\" \/>\n<meta property=\"og:type\" content=\"article\" \/>\n<meta property=\"og:title\" content=\"BNN | Firma aus Rheinm\u00fcnster stellt mobilen Container f\u00fcr Corona-Schnelltests vor\" \/>\n<meta property=\"og:description\" content=\"Ein Corona-Labor, das zum Patienten kommt? Bischoff + Scheck AG hat einen mobilen Container f\u00fcr Corona-Schnelltests entwickelt.\" \/>\n<meta property=\"og:url\" content=\"https:\/\/www.bischoff-scheck.de\/en\/bnn-firma-aus-rheinmuenster-stellt-mobilen-container-fuer-corona-schnelltests-vor\/\" \/>\n<meta property=\"og:site_name\" content=\"Bischoff + Scheck GmbH - Spezialisten im Fahrzeugbau\" \/>\n<meta property=\"article:published_time\" content=\"2020-06-18T10:40:31+00:00\" \/>\n<meta property=\"article:modified_time\" content=\"2021-06-15T13:07:30+00:00\" \/>\n<meta property=\"og:image\" content=\"https:\/\/www.bischoff-scheck.de\/wp-content\/uploads\/2020\/06\/PRESSEBEITRAG_4.jpg\" \/>\n\t<meta property=\"og:image:width\" content=\"1500\" \/>\n\t<meta property=\"og:image:height\" content=\"900\" \/>\n\t<meta property=\"og:image:type\" content=\"image\/jpeg\" \/>\n<meta name=\"author\" content=\"jm-ad\" \/>\n<meta name=\"twitter:card\" content=\"summary_large_image\" \/>\n<meta name=\"twitter:label1\" content=\"Written by\" \/>\n\t<meta name=\"twitter:data1\" content=\"jm-ad\" \/>\n\t<meta name=\"twitter:label2\" content=\"Est. reading time\" \/>\n\t<meta name=\"twitter:data2\" content=\"7 minutes\" \/>\n<script type=\"application\/ld+json\" class=\"yoast-schema-graph\">{\"@context\":\"https:\/\/schema.org\",\"@graph\":[{\"@type\":\"Article\",\"@id\":\"https:\/\/www.bischoff-scheck.de\/en\/bnn-firma-aus-rheinmuenster-stellt-mobilen-container-fuer-corona-schnelltests-vor\/#article\",\"isPartOf\":{\"@id\":\"https:\/\/www.bischoff-scheck.de\/en\/bnn-firma-aus-rheinmuenster-stellt-mobilen-container-fuer-corona-schnelltests-vor\/\"},\"author\":{\"name\":\"jm-ad\",\"@id\":\"https:\/\/www.bischoff-scheck.de\/#\/schema\/person\/c1da4d6fcc522f862dfcb5df6d07a3f5\"},\"headline\":\"BNN | Firma aus Rheinm\u00fcnster stellt mobilen Container f\u00fcr Corona-Schnelltests vor\",\"datePublished\":\"2020-06-18T10:40:31+00:00\",\"dateModified\":\"2021-06-15T13:07:30+00:00\",\"mainEntityOfPage\":{\"@id\":\"https:\/\/www.bischoff-scheck.de\/en\/bnn-firma-aus-rheinmuenster-stellt-mobilen-container-fuer-corona-schnelltests-vor\/\"},\"wordCount\":1218,\"publisher\":{\"@id\":\"https:\/\/www.bischoff-scheck.de\/#organization\"},\"image\":{\"@id\":\"https:\/\/www.bischoff-scheck.de\/en\/bnn-firma-aus-rheinmuenster-stellt-mobilen-container-fuer-corona-schnelltests-vor\/#primaryimage\"},\"thumbnailUrl\":\"https:\/\/www.bischoff-scheck.de\/wp-content\/uploads\/2020\/06\/PRESSEBEITRAG_4.jpg\",\"keywords\":[\"Coronavirus\",\"mobile Lab\",\"SARS-CoV-2\",\"Sicherheitslabore\"],\"articleSection\":[\"Press\"],\"inLanguage\":\"en-US\"},{\"@type\":\"WebPage\",\"@id\":\"https:\/\/www.bischoff-scheck.de\/en\/bnn-firma-aus-rheinmuenster-stellt-mobilen-container-fuer-corona-schnelltests-vor\/\",\"url\":\"https:\/\/www.bischoff-scheck.de\/en\/bnn-firma-aus-rheinmuenster-stellt-mobilen-container-fuer-corona-schnelltests-vor\/\",\"name\":\"Mobile Container f\u00fcr Corona-Schnelltests von Bischoff + Scheck\",\"isPartOf\":{\"@id\":\"https:\/\/www.bischoff-scheck.de\/#website\"},\"primaryImageOfPage\":{\"@id\":\"https:\/\/www.bischoff-scheck.de\/en\/bnn-firma-aus-rheinmuenster-stellt-mobilen-container-fuer-corona-schnelltests-vor\/#primaryimage\"},\"image\":{\"@id\":\"https:\/\/www.bischoff-scheck.de\/en\/bnn-firma-aus-rheinmuenster-stellt-mobilen-container-fuer-corona-schnelltests-vor\/#primaryimage\"},\"thumbnailUrl\":\"https:\/\/www.bischoff-scheck.de\/wp-content\/uploads\/2020\/06\/PRESSEBEITRAG_4.jpg\",\"datePublished\":\"2020-06-18T10:40:31+00:00\",\"dateModified\":\"2021-06-15T13:07:30+00:00\",\"description\":\"Ein Corona-Labor, das zum Patienten kommt? Bischoff + Scheck AG hat einen mobilen Container f\u00fcr Corona-Schnelltests entwickelt.\",\"breadcrumb\":{\"@id\":\"https:\/\/www.bischoff-scheck.de\/en\/bnn-firma-aus-rheinmuenster-stellt-mobilen-container-fuer-corona-schnelltests-vor\/#breadcrumb\"},\"inLanguage\":\"en-US\",\"potentialAction\":[{\"@type\":\"ReadAction\",\"target\":[\"https:\/\/www.bischoff-scheck.de\/en\/bnn-firma-aus-rheinmuenster-stellt-mobilen-container-fuer-corona-schnelltests-vor\/\"]}]},{\"@type\":\"ImageObject\",\"inLanguage\":\"en-US\",\"@id\":\"https:\/\/www.bischoff-scheck.de\/en\/bnn-firma-aus-rheinmuenster-stellt-mobilen-container-fuer-corona-schnelltests-vor\/#primaryimage\",\"url\":\"https:\/\/www.bischoff-scheck.de\/wp-content\/uploads\/2020\/06\/PRESSEBEITRAG_4.jpg\",\"contentUrl\":\"https:\/\/www.bischoff-scheck.de\/wp-content\/uploads\/2020\/06\/PRESSEBEITRAG_4.jpg\",\"width\":1500,\"height\":900,\"caption\":\"Mobiles Container f\u00fcr Corona-Schnelltests\"},{\"@type\":\"BreadcrumbList\",\"@id\":\"https:\/\/www.bischoff-scheck.de\/en\/bnn-firma-aus-rheinmuenster-stellt-mobilen-container-fuer-corona-schnelltests-vor\/#breadcrumb\",\"itemListElement\":[{\"@type\":\"ListItem\",\"position\":1,\"name\":\"Startseite\",\"item\":\"https:\/\/www.bischoff-scheck.de\/en\/\"},{\"@type\":\"ListItem\",\"position\":2,\"name\":\"BNN | Firma aus Rheinm\u00fcnster stellt mobilen Container f\u00fcr Corona-Schnelltests vor\"}]},{\"@type\":\"WebSite\",\"@id\":\"https:\/\/www.bischoff-scheck.de\/#website\",\"url\":\"https:\/\/www.bischoff-scheck.de\/\",\"name\":\"Bischoff + Scheck GmbH - Spezialisten im Fahrzeugbau\",\"description\":\"Moving Ideas\",\"publisher\":{\"@id\":\"https:\/\/www.bischoff-scheck.de\/#organization\"},\"potentialAction\":[{\"@type\":\"SearchAction\",\"target\":{\"@type\":\"EntryPoint\",\"urlTemplate\":\"https:\/\/www.bischoff-scheck.de\/?s={search_term_string}\"},\"query-input\":{\"@type\":\"PropertyValueSpecification\",\"valueRequired\":true,\"valueName\":\"search_term_string\"}}],\"inLanguage\":\"en-US\"},{\"@type\":\"Organization\",\"@id\":\"https:\/\/www.bischoff-scheck.de\/#organization\",\"name\":\"Bischoff + Scheck AG\",\"url\":\"https:\/\/www.bischoff-scheck.de\/\",\"logo\":{\"@type\":\"ImageObject\",\"inLanguage\":\"en-US\",\"@id\":\"https:\/\/www.bischoff-scheck.de\/#\/schema\/logo\/image\/\",\"url\":\"https:\/\/www.bischoff-scheck.de\/wp-content\/uploads\/2020\/12\/BS_Wortmarke_Black-1.png\",\"contentUrl\":\"https:\/\/www.bischoff-scheck.de\/wp-content\/uploads\/2020\/12\/BS_Wortmarke_Black-1.png\",\"width\":1030,\"height\":105,\"caption\":\"Bischoff + Scheck AG\"},\"image\":{\"@id\":\"https:\/\/www.bischoff-scheck.de\/#\/schema\/logo\/image\/\"}},{\"@type\":\"Person\",\"@id\":\"https:\/\/www.bischoff-scheck.de\/#\/schema\/person\/c1da4d6fcc522f862dfcb5df6d07a3f5\",\"name\":\"jm-ad\",\"url\":\"https:\/\/www.bischoff-scheck.de\/en\/author\/jm-ad\/\"}]}<\/script>\n<!-- \/ Yoast SEO Premium plugin. -->","yoast_head_json":{"title":"Mobile Container f\u00fcr Corona-Schnelltests von Bischoff + Scheck","description":"Ein Corona-Labor, das zum Patienten kommt? Bischoff + Scheck AG hat einen mobilen Container f\u00fcr Corona-Schnelltests entwickelt.","robots":{"index":"index","follow":"follow","max-snippet":"max-snippet:-1","max-image-preview":"max-image-preview:large","max-video-preview":"max-video-preview:-1"},"canonical":"https:\/\/www.bischoff-scheck.de\/en\/bnn-firma-aus-rheinmuenster-stellt-mobilen-container-fuer-corona-schnelltests-vor\/","og_locale":"en_US","og_type":"article","og_title":"BNN | Firma aus Rheinm\u00fcnster stellt mobilen Container f\u00fcr Corona-Schnelltests vor","og_description":"Ein Corona-Labor, das zum Patienten kommt? Bischoff + Scheck AG hat einen mobilen Container f\u00fcr Corona-Schnelltests entwickelt.","og_url":"https:\/\/www.bischoff-scheck.de\/en\/bnn-firma-aus-rheinmuenster-stellt-mobilen-container-fuer-corona-schnelltests-vor\/","og_site_name":"Bischoff + Scheck GmbH - Spezialisten im Fahrzeugbau","article_published_time":"2020-06-18T10:40:31+00:00","article_modified_time":"2021-06-15T13:07:30+00:00","og_image":[{"width":1500,"height":900,"url":"https:\/\/www.bischoff-scheck.de\/wp-content\/uploads\/2020\/06\/PRESSEBEITRAG_4.jpg","type":"image\/jpeg"}],"author":"jm-ad","twitter_card":"summary_large_image","twitter_misc":{"Written by":"jm-ad","Est. reading time":"7 minutes"},"schema":{"@context":"https:\/\/schema.org","@graph":[{"@type":"Article","@id":"https:\/\/www.bischoff-scheck.de\/en\/bnn-firma-aus-rheinmuenster-stellt-mobilen-container-fuer-corona-schnelltests-vor\/#article","isPartOf":{"@id":"https:\/\/www.bischoff-scheck.de\/en\/bnn-firma-aus-rheinmuenster-stellt-mobilen-container-fuer-corona-schnelltests-vor\/"},"author":{"name":"jm-ad","@id":"https:\/\/www.bischoff-scheck.de\/#\/schema\/person\/c1da4d6fcc522f862dfcb5df6d07a3f5"},"headline":"BNN | Firma aus Rheinm\u00fcnster stellt mobilen Container f\u00fcr Corona-Schnelltests vor","datePublished":"2020-06-18T10:40:31+00:00","dateModified":"2021-06-15T13:07:30+00:00","mainEntityOfPage":{"@id":"https:\/\/www.bischoff-scheck.de\/en\/bnn-firma-aus-rheinmuenster-stellt-mobilen-container-fuer-corona-schnelltests-vor\/"},"wordCount":1218,"publisher":{"@id":"https:\/\/www.bischoff-scheck.de\/#organization"},"image":{"@id":"https:\/\/www.bischoff-scheck.de\/en\/bnn-firma-aus-rheinmuenster-stellt-mobilen-container-fuer-corona-schnelltests-vor\/#primaryimage"},"thumbnailUrl":"https:\/\/www.bischoff-scheck.de\/wp-content\/uploads\/2020\/06\/PRESSEBEITRAG_4.jpg","keywords":["Coronavirus","mobile Lab","SARS-CoV-2","Sicherheitslabore"],"articleSection":["Press"],"inLanguage":"en-US"},{"@type":"WebPage","@id":"https:\/\/www.bischoff-scheck.de\/en\/bnn-firma-aus-rheinmuenster-stellt-mobilen-container-fuer-corona-schnelltests-vor\/","url":"https:\/\/www.bischoff-scheck.de\/en\/bnn-firma-aus-rheinmuenster-stellt-mobilen-container-fuer-corona-schnelltests-vor\/","name":"Mobile Container f\u00fcr Corona-Schnelltests von Bischoff + Scheck","isPartOf":{"@id":"https:\/\/www.bischoff-scheck.de\/#website"},"primaryImageOfPage":{"@id":"https:\/\/www.bischoff-scheck.de\/en\/bnn-firma-aus-rheinmuenster-stellt-mobilen-container-fuer-corona-schnelltests-vor\/#primaryimage"},"image":{"@id":"https:\/\/www.bischoff-scheck.de\/en\/bnn-firma-aus-rheinmuenster-stellt-mobilen-container-fuer-corona-schnelltests-vor\/#primaryimage"},"thumbnailUrl":"https:\/\/www.bischoff-scheck.de\/wp-content\/uploads\/2020\/06\/PRESSEBEITRAG_4.jpg","datePublished":"2020-06-18T10:40:31+00:00","dateModified":"2021-06-15T13:07:30+00:00","description":"Ein Corona-Labor, das zum Patienten kommt? Bischoff + Scheck AG hat einen mobilen Container f\u00fcr Corona-Schnelltests entwickelt.","breadcrumb":{"@id":"https:\/\/www.bischoff-scheck.de\/en\/bnn-firma-aus-rheinmuenster-stellt-mobilen-container-fuer-corona-schnelltests-vor\/#breadcrumb"},"inLanguage":"en-US","potentialAction":[{"@type":"ReadAction","target":["https:\/\/www.bischoff-scheck.de\/en\/bnn-firma-aus-rheinmuenster-stellt-mobilen-container-fuer-corona-schnelltests-vor\/"]}]},{"@type":"ImageObject","inLanguage":"en-US","@id":"https:\/\/www.bischoff-scheck.de\/en\/bnn-firma-aus-rheinmuenster-stellt-mobilen-container-fuer-corona-schnelltests-vor\/#primaryimage","url":"https:\/\/www.bischoff-scheck.de\/wp-content\/uploads\/2020\/06\/PRESSEBEITRAG_4.jpg","contentUrl":"https:\/\/www.bischoff-scheck.de\/wp-content\/uploads\/2020\/06\/PRESSEBEITRAG_4.jpg","width":1500,"height":900,"caption":"Mobiles Container f\u00fcr Corona-Schnelltests"},{"@type":"BreadcrumbList","@id":"https:\/\/www.bischoff-scheck.de\/en\/bnn-firma-aus-rheinmuenster-stellt-mobilen-container-fuer-corona-schnelltests-vor\/#breadcrumb","itemListElement":[{"@type":"ListItem","position":1,"name":"Startseite","item":"https:\/\/www.bischoff-scheck.de\/en\/"},{"@type":"ListItem","position":2,"name":"BNN | Firma aus Rheinm\u00fcnster stellt mobilen Container f\u00fcr Corona-Schnelltests vor"}]},{"@type":"WebSite","@id":"https:\/\/www.bischoff-scheck.de\/#website","url":"https:\/\/www.bischoff-scheck.de\/","name":"Bischoff + Scheck GmbH - Spezialisten im Fahrzeugbau","description":"Moving Ideas","publisher":{"@id":"https:\/\/www.bischoff-scheck.de\/#organization"},"potentialAction":[{"@type":"SearchAction","target":{"@type":"EntryPoint","urlTemplate":"https:\/\/www.bischoff-scheck.de\/?s={search_term_string}"},"query-input":{"@type":"PropertyValueSpecification","valueRequired":true,"valueName":"search_term_string"}}],"inLanguage":"en-US"},{"@type":"Organization","@id":"https:\/\/www.bischoff-scheck.de\/#organization","name":"Bischoff + Scheck AG","url":"https:\/\/www.bischoff-scheck.de\/","logo":{"@type":"ImageObject","inLanguage":"en-US","@id":"https:\/\/www.bischoff-scheck.de\/#\/schema\/logo\/image\/","url":"https:\/\/www.bischoff-scheck.de\/wp-content\/uploads\/2020\/12\/BS_Wortmarke_Black-1.png","contentUrl":"https:\/\/www.bischoff-scheck.de\/wp-content\/uploads\/2020\/12\/BS_Wortmarke_Black-1.png","width":1030,"height":105,"caption":"Bischoff + Scheck AG"},"image":{"@id":"https:\/\/www.bischoff-scheck.de\/#\/schema\/logo\/image\/"}},{"@type":"Person","@id":"https:\/\/www.bischoff-scheck.de\/#\/schema\/person\/c1da4d6fcc522f862dfcb5df6d07a3f5","name":"jm-ad","url":"https:\/\/www.bischoff-scheck.de\/en\/author\/jm-ad\/"}]}},"_links":{"self":[{"href":"https:\/\/www.bischoff-scheck.de\/en\/wp-json\/wp\/v2\/posts\/13441","targetHints":{"allow":["GET"]}}],"collection":[{"href":"https:\/\/www.bischoff-scheck.de\/en\/wp-json\/wp\/v2\/posts"}],"about":[{"href":"https:\/\/www.bischoff-scheck.de\/en\/wp-json\/wp\/v2\/types\/post"}],"author":[{"embeddable":true,"href":"https:\/\/www.bischoff-scheck.de\/en\/wp-json\/wp\/v2\/users\/7"}],"replies":[{"embeddable":true,"href":"https:\/\/www.bischoff-scheck.de\/en\/wp-json\/wp\/v2\/comments?post=13441"}],"version-history":[{"count":6,"href":"https:\/\/www.bischoff-scheck.de\/en\/wp-json\/wp\/v2\/posts\/13441\/revisions"}],"predecessor-version":[{"id":15989,"href":"https:\/\/www.bischoff-scheck.de\/en\/wp-json\/wp\/v2\/posts\/13441\/revisions\/15989"}],"wp:featuredmedia":[{"embeddable":true,"href":"https:\/\/www.bischoff-scheck.de\/en\/wp-json\/wp\/v2\/media\/11755"}],"wp:attachment":[{"href":"https:\/\/www.bischoff-scheck.de\/en\/wp-json\/wp\/v2\/media?parent=13441"}],"wp:term":[{"taxonomy":"category","embeddable":true,"href":"https:\/\/www.bischoff-scheck.de\/en\/wp-json\/wp\/v2\/categories?post=13441"},{"taxonomy":"post_tag","embeddable":true,"href":"https:\/\/www.bischoff-scheck.de\/en\/wp-json\/wp\/v2\/tags?post=13441"}],"curies":[{"name":"wp","href":"https:\/\/api.w.org\/{rel}","templated":true}]}}