{"id":13439,"date":"2020-04-22T11:39:41","date_gmt":"2020-04-22T09:39:41","guid":{"rendered":"https:\/\/www.bischoff-scheck.de\/mobiles-labor-fraunhofer-ibmt\/"},"modified":"2021-06-21T10:17:19","modified_gmt":"2021-06-21T08:17:19","slug":"mobiles-labor-fraunhofer-ibmt","status":"publish","type":"post","link":"https:\/\/www.bischoff-scheck.de\/en\/mobiles-labor-fraunhofer-ibmt\/","title":{"rendered":"Mobiles Labor Fraunhofer IBMT"},"content":{"rendered":"<div class=\"flex_column av_one_full  flex_column_div av-zero-column-padding first  avia-builder-el-0  el_before_av_one_full  avia-builder-el-first  \" style='border-radius:0px; '><\/div>\n<div class=\"flex_column av_one_full  flex_column_div av-zero-column-padding first  avia-builder-el-1  el_after_av_one_full  el_before_av_one_full  column-top-margin\" style='border-radius:0px; '><\/div>\n<div class=\"flex_column av_one_full  flex_column_div av-zero-column-padding first  avia-builder-el-2  el_after_av_one_full  el_before_av_one_full  column-top-margin\" style='border-radius:0px; '><section class=\"av_textblock_section \"  itemscope=\"itemscope\" itemtype=\"https:\/\/schema.org\/BlogPosting\" itemprop=\"blogPost\" ><div class='avia_textblock  '   itemprop=\"text\" ><h2>Mobiles Labor Fraunhofer IBMT<\/h2>\n<\/div><\/section><\/div><div class=\"flex_column av_one_full  flex_column_div av-zero-column-padding first  avia-builder-el-4  el_after_av_one_full  el_before_av_textblock  column-top-margin\" style='border-radius:0px; '><\/div><\/p>\n<section class=\"av_textblock_section \"  itemscope=\"itemscope\" itemtype=\"https:\/\/schema.org\/BlogPosting\" itemprop=\"blogPost\" ><div class='avia_textblock  '   itemprop=\"text\" ><p>22. April 2020 | <span class=\"type\">Presseinformation | <a href=\"https:\/\/www.ibmt.fraunhofer.de\/de\/ibmt-presse-uebersicht-2020\/presse-mobileLab-SaarCoScreen-2020-04-22.html\" target=\"_blank\" rel=\"noopener noreferrer\">www.ibmt.fraunhofer.de<\/a><\/span><\/p>\n<h2 class=\"fhg-grid-item fhg-grid-3-2-1 fhg-content heading\">Mobiles epidemiologisches Labor (epiLab) des Fraunhofer IBMT im Einsatz zur fl\u00e4chendeckenden Fr\u00fcherkennung und Pr\u00e4vention von SARS-CoV-2-Infektionen.<\/h2>\n<div class=\"fhg-grid-item fhg-grid-3-2-1 fhg-content\">\n<h4><b>Der bemerkenswerte Technologievorsprung des Fraunhofer-Instituts f\u00fcr Biomedizinische Technik IBMT im Bereich mobiler epidemiologischer Labore sowie seine langj\u00e4hrige Expertise im Aufbau von biologischen Sicherheitslaboren und im Umgang mit biotechnologischen Proben tr\u00e4gt gerade in Zeiten der Corona-Pandemie zum Kampf gegen das SARS-CoV-2-Virus bei. <\/b><\/h4>\n<\/div>\n<div class=\"pressArticleParsys parsys\">\n<div class=\"fhg-content-article fhg-grid\">\n<article>\n<div class=\"row\">\n<div class=\"fhg-grid-item fhg-grid-3-2-1 fhg-inline-image\">\n<div class=\"fhg-content fhg-richtext\">\n<p>Das vom Fraunhofer IBMT in Zusammenarbeit mit dem Fahrzeughersteller Bischoff &amp; Scheck im Projekt \u00bbLabor der Zukunft\u00ab konzipierte und erbaute mobile epidemiologische Labor (epiLab) kommt derzeit im Saarland zur fl\u00e4chendeckenden Fr\u00fcherkennung und Pr\u00e4vention von SARS-CoV-2-Infektionen in Pflegeeinrichtungen zum Einsatz. Die Fraunhofer-Expertise unterst\u00fctzt damit wesentlich den Kampf gegen die weltweite Corona-Pandemie. Die ben\u00f6tigten Verbrauchsmittel werden Fraunhofer-intern aus dem Anti-Corona-Fonds zur Verf\u00fcgung gestellt.<\/p>\n<p>Das hochspezialisierte Fraunhofer epiLab startete am 21. April 2020 seine Reise in einem bemerkenswerten Verbund aus Uniklinik und Instituten durch das Saarland. Das Fraunhofer IBMT bringt dabei seine langj\u00e4hrige biotechnologische Erfahrung f\u00fcr den Einsatz gegen das SARS-CoV-2-Virus ein und leistet damit einen wesentlichen Beitrag in einem vom saarl\u00e4ndischen Ministerium f\u00fcr Soziales, Gesundheit, Frauen und Familie gef\u00f6rderten Konsortium zur Testung auf SARS-CoV-2-Infektionen in saarl\u00e4ndischen Senioren- und Pflegeeinrichtungen. Das Virologische Institut des Universit\u00e4tsklinikums in Homburg, die Blutspendezentrale Saar-Pfalz am Winterberg, das Helmholtz-Institut f\u00fcr Pharmazeutische Forschung Saarland (HIPS), das Landesamt f\u00fcr Verbraucherschutz und das Fraunhofer-Institut f\u00fcr Biomedizinische Technik IBMT testen im Poolingverfahren erste ausgew\u00e4hlte Senioren- und Pflegeeinrichtungen im Saarland.<\/p>\n<h4><b>Mobile Sicherheitslabore \u2013 Eine Spezialit\u00e4t der Fraunhofer-Wissenschaftler<\/b><\/h4>\n<p>Das mobile epiLab entstand urspr\u00fcnglich im Projekt \u00bbLabor der Zukunft\u00bb, gef\u00f6rdert durch die Saarl\u00e4ndische Landesregierung. Die Erhaltung des epiLabs wird \u00fcber die durch das Fraunhofer IBMT durchgef\u00fchrten Probenahmen der \u00bbUmweltprobenbank des Bundes \u2013 Humanproben\u00ab des Umweltbundesamts kofinanziert. Es f\u00e4hrt seit nunmehr neun Jahren und sammelt bundesweit humanes Probenmaterial f\u00fcr das Umweltbundesamt. Den professionellen Umgang mit hochinfekti\u00f6sem Probenmaterial erwarben die Mitarbeiter des IBMT in der Vergangenheit in einem internationalen Projekt zur Virusimpfstoffentwicklung \u00bbGlobal HIV Vaccine Research Cryorepository (GHRC)\u00ab, das durch die Bill &amp; Melinda Gates Foundation im Rahmen der \u00bbCollaboration of AIDS Vaccine Discovery (CAVD)\u00ab gef\u00f6rdert wurde und gro\u00dfe internationale Aufmerksamkeit mit sich brachte.<\/p>\n<p>Das Fraunhofer epiLab besitzt getrennte Areale f\u00fcr den Testpersonenverkehr (20 m<sup>2<\/sup>) mit ein-direktionaler Wegef\u00fchrung, einen vollausgestatteten Probeentnahme- und Testlaborbereich (16 m<sup>2<\/sup>) unter der biologischen Sicherheitsstufe S2 nach BioStoffV mit Personalschleuse und separatem Kryolager f\u00fcr die direkte Aufarbeitung der Testproben, der Durchf\u00fchrung, hier der SARS-CoV-2-Tests und der Kryokonservierung und Archivierung der gesammelten Proben. Dadurch sind Testprobanden und medizinisches Personal bei der Probenentnahme und wissenschaftliches Personal durch Schleusen vollkommen voneinander getrennt, sodass das Risiko einer Ansteckung bei der Probenahme auf ein Minimum reduziert wird. Neben der Gew\u00e4hrleistung der sicheren Probenentnahme ist das epiLab weiterhin f\u00fcr die Erstellung der Pools und der Durchf\u00fchrung der Antik\u00f6rper-Tests vor Ort funktionell komplett ausgestattet.<\/p>\n<p>Nach erfolgreichem Abschluss dieses speziellen Projekts k\u00f6nnen die etablierten Studienprotokolle leicht auf eine deutschlandweite oder weltweite Hochdurchsatztestung \u00fcbertragen werden. Gerade der Einsatz und die Validierung des epiLabs f\u00fcr die Durchf\u00fchrung von Pooltestungen und Schnelltests erlaubt auch eine breitangelegte Testung in L\u00e4ndern oder Regionen, die keine entsprechende Laborinfrastruktur besitzen.<\/p>\n<p>Bei 80% der SARS-CoV-2-Infizierten verl\u00e4uft die Erkrankung mild oder minderschwer. Das Risiko f\u00fcr einen schweren und t\u00f6dlichen Verlauf steigt aber mit dem Alter stark an, da hier weitere Risikofaktoren durch Vorerkrankungen hinzukommen. Der Anteil der \u00fcber 60-J\u00e4hrigen macht ungef\u00e4hr ein Viertel der betroffenen Erkrankten in Deutschland aus, 86% der in Deutschland an COVID-19 Verstorbenen waren 70 Jahre alt oder \u00e4lter. Am h\u00f6chsten ist der Kreis der \u00fcber 80-J\u00e4hrigen gef\u00e4hrdet, hier werden momentan auch die h\u00f6chsten Sterblichkeitsraten verzeichnet. Mit zunehmendem Alter sind viele dieser Hochrisikopatienten in Alters- und Pflegeheimen untergebracht. Im Saarland stammen beispielsweise ca. 50% der Todesf\u00e4lle aus diesem Personenkreis.<\/p>\n<p>Ein Komplettscreening der Einrichtungen ist somit dringend erforderlich. Ausreichend validierte Virusgenom-basierte Tests stehen aber daf\u00fcr nicht zur Verf\u00fcgung. Eine Pooltestung mit anschlie\u00dfender Einzeltestung kann hier Abhilfe schaffen. Neben der Schonung der Testressourcen ist auch die Validierung von Antik\u00f6rper-basierten Tests von besonderer Bedeutung. Hiermit werden Personen erkannt, die genesen und somit virusfrei und vor einer Neuinfektion durch ihr eigenes Immunsystem gesch\u00fctzt sind. Dieser Personenkreis ist gerade im Gesundheits- und Pflegesystem von gro\u00dfer Bedeutung.<\/p>\n<h4><b>Fraunhofer IBMT-Expertise unterst\u00fctzt bei Pooltestungen<\/b><\/h4>\n<p>Das Fraunhofer-Institut f\u00fcr Biomedizinische Technik IBMT ist als Teil des saarl\u00e4ndischen Projektteams mit zwei Proof-of-Concept-Studien in Zusammenarbeit mit dem Institut der Virologie (Universit\u00e4tsklinikum des Saarlandes) und der Saarl\u00e4ndischen Landesregierung betraut. Einerseits mit dem Pooling der Proben, um Ressourcen im Bereich der SARS-CoV-2-Tests einzusparen (Kostenersparnis und mangelnde Verf\u00fcgbarkeit der Tests). Ist der Pool positiv, wird dieser Pool zun\u00e4chst aufgel\u00f6st und schlie\u00dflich jede Probe einzeln getestet. Je h\u00f6her die Positiven-Rate ist, desto mehr Pools m\u00fcssen weiteruntersucht werden. Damit ist dieser Screening-Ansatz umso pr\u00e4ventiver und kosteng\u00fcnstiger, je fr\u00fcher damit begonnen wird, da die Pr\u00e4valenz der Infektion mit der Zeit immer weiter steigt. Dazu werden Proben von allen Personen durch medizinisches und auf die Beprobung trainiertes Personal entnommen. Die Poolerstellung erfolgt sowohl in den Laboren des Fraunhofer-Instituts f\u00fcr Biomedizinische Technik IBMT als auch direkt vor Ort im mobilen Labor (epiLab) des IBMT. Die Pools werden innerhalb von 24 Stunden nach Probenahme zur Analyse an die autorisierten Diagnostiklabore geschickt und dort analysiert. Nur Proben in positiven Pools werden auf Einzelpersonenebene weitergetestet. Die Validierung der Antik\u00f6rper-Schnelltests wird an genesenen und nicht mehr infekti\u00f6sen Personen durchgef\u00fchrt, die durch die Einzeltestungen identifiziert wurden.<\/p>\n<p><img loading=\"lazy\" decoding=\"async\" class=\"alignnone wp-image-9241 size-medium\" src=\"https:\/\/www.bischoff-scheck.de\/wp-content\/uploads\/2020\/05\/ibmt-mobilelab2-300x180.jpg\" alt=\"Mobiles Labor Fraunhofer IBMT\" width=\"300\" height=\"180\" srcset=\"https:\/\/www.bischoff-scheck.de\/wp-content\/uploads\/2020\/05\/ibmt-mobilelab2-300x180.jpg 300w, https:\/\/www.bischoff-scheck.de\/wp-content\/uploads\/2020\/05\/ibmt-mobilelab2-450x270.jpg 450w, https:\/\/www.bischoff-scheck.de\/wp-content\/uploads\/2020\/05\/ibmt-mobilelab2.jpg 640w\" sizes=\"auto, (max-width: 300px) 100vw, 300px\" \/> <img loading=\"lazy\" decoding=\"async\" class=\"alignnone wp-image-9240 size-medium\" src=\"https:\/\/www.bischoff-scheck.de\/wp-content\/uploads\/2020\/05\/ibmt-mobilelab-300x180.jpg\" alt=\"Mobiles Labor Fraunhofer IBMT-Bischoff+Scheck\" width=\"300\" height=\"180\" srcset=\"https:\/\/www.bischoff-scheck.de\/wp-content\/uploads\/2020\/05\/ibmt-mobilelab-300x180.jpg 300w, https:\/\/www.bischoff-scheck.de\/wp-content\/uploads\/2020\/05\/ibmt-mobilelab-450x270.jpg 450w, https:\/\/www.bischoff-scheck.de\/wp-content\/uploads\/2020\/05\/ibmt-mobilelab.jpg 640w\" sizes=\"auto, (max-width: 300px) 100vw, 300px\" \/><\/p>\n<h6><span class=\"figure-meta text-copyright\">\u00a9 Fraunhofer IBMT, Bernd M\u00fcller.<\/span><\/h6>\n<h4><b>Hintergrund-Informationen zur Fraunhofer IBMT-Expertise<\/b><\/h4>\n<p>Neben der Expertise in der Entwicklung von mobilen Laboreinheiten zum Einsatz in Bereichen des Biomonitorings und der Sammlung von prim\u00e4rem humanen Probenmaterial &#8211; auch infekti\u00f6sen Patientenproben &#8211; verf\u00fcgt das Fraunhofer IBMT \u00fcber hochqualifiziertes Personal, um Proof-of-Concept-Studien in k\u00fcrzester Zeit durchzuf\u00fchren. In der Hauptabteilung \u00bbMedizinische Biotechnologie\u00ab unter der Leitung des Virologen Prof. Dr. Hagen von Briesen ist die Arbeitsgruppe \u00bbZellul\u00e4re Bioprozesse\u00ab angesiedelt. Dort werden seit Jahren zukunftsweisende Plattformen zum Sammeln, Pr\u00e4parieren, Konservieren und zur Verteilung von Bioreagenzien und klinischen Proben f\u00fcr weltweite Netzwerke entwickelt. Hierzu z\u00e4hlen optimierte Prozesse der Probenherstellung und -aufarbeitung und deren Kryokonservierung. In diesem Zusammenhang wurde am Fraunhofer IBMT im Rahmen der globalen Initiative zur Entwicklung eines HIV-Impfstoffes (Collaboration for AIDS Vaccine Discovery \u2013 CAVD) eine globale HIV-Kryobank der Sicherheitsstufe S3 aufgebaut, die von der Bill &amp; Melinda Gates Foundation und der saarl\u00e4ndischen Landesregierung finanziell getragen wird. Die Laborbereiche und die angeschlossene Kryobank f\u00fcr Bioreagenzien unterstehen einem zertifizierten Qualit\u00e4tssicherungsprogramm, welches das Arbeiten nach den Richtlinien der \u00bbGood Clinical Laboratory Practice\u00ab (GCLP) und der DIN EN ISO 9001:2015 kontrolliert. So erfolgt hier beispielsweise die Produktion von HIV-1-Pseudoviren oder infekti\u00f6sen HIV-1-Klonen oder die Durchf\u00fchrung von zellbasierten Tests, wie Neutralisations- und Immunassays. Ebenso werden hier zellbasierte Assays entwickelt, optimiert und validiert. Damit bietet die Hauptabteilung \u00bbMedizinische Biotechnologie\u00ab eine Plattform f\u00fcr die weitere Entwicklung und klinische Testung von neuen Diagnostika, Impfstoffen und neuen Therapien. Des Weiteren ist in der Hauptabteilung die \u00bbUmweltprobenbank des Bundes \u2013 Humanproben\u00ab in der Arbeitsgruppe \u00bbBiomonitoring &amp; Biobanken\u00ab angesiedelt. Dort kommt schon seit Jahren das mobile Labor des Fraunhofer IBMT zum regelm\u00e4\u00dfigem deutschlandweiten Sammeln von humanem Prim\u00e4rmaterial zum Einsatz. Die Arbeitsgruppe ist ebenfalls nach DIN EN ISO 9001:2015 zertifiziert und zus\u00e4tzlich ist das epiLab nach DIN EN ISO\/IEC 17025 f\u00fcr Pr\u00fcfungen im Bereich \u00bbGesundheitsversorgung \u2013 Medizinische Laboratoriumsuntersuchungen im Rahmen von klinischen Studien\u00ab akkreditiert.<\/p>\n<\/div>\n<\/div>\n<\/div>\n<\/article>\n<\/div>\n<\/div>\n<div class='avia-iframe-wrap'><iframe loading=\"lazy\" title=\"Bischoff + Scheck AG \/ &quot;epiLab&quot; f\u00fcr das Fraunhofer IBMT im Einsatz gegen Corona\" width=\"1500\" height=\"844\" src=\"https:\/\/www.youtube.com\/embed\/AIm7v2wZ8GM?feature=oembed\" frameborder=\"0\" allow=\"accelerometer; autoplay; clipboard-write; encrypted-media; gyroscope; picture-in-picture\" allowfullscreen><\/iframe><\/div>\n<\/div><\/section>\n<div class=\"flex_column av_one_full  flex_column_div av-zero-column-padding first  avia-builder-el-6  el_after_av_textblock  avia-builder-el-last  column-top-margin\" style='border-radius:0px; '><section class=\"av_textblock_section \"  itemscope=\"itemscope\" itemtype=\"https:\/\/schema.org\/BlogPosting\" itemprop=\"blogPost\" ><div class='avia_textblock  '   itemprop=\"text\" ><p><strong>F\u00fcr n\u00e4here Informationen zum <a href=\"https:\/\/www.bischoff-scheck.de\/en\/vehicles\/medical-vehicles\/\" target=\"_blank\" rel=\"noopener\">MobiLab<\/a> nehmen Sie Kontakt mit uns auf!<\/strong><\/p>\n<p><strong>Ihr Ansprechpartner:<br \/>\n<\/strong><strong>Bernd Bischoff<br \/>\n<\/strong><em>Technischer Leiter \/ technical director<\/em><\/p>\n<p>Tel.: ++49 (0) 7229 \/ 18680-40<br \/>\nFax: ++49 (0) 7229 \/ 18680-68<\/p>\n<p>mailto: <a href=\"mailto:vorname.nachname@bischoff-scheck.de\">bernd.bischoff@bischoff-scheck.de<\/a><\/p>\n<\/div><\/section><\/div>\n","protected":false},"excerpt":{"rendered":"","protected":false},"author":7,"featured_media":11750,"comment_status":"closed","ping_status":"closed","sticky":false,"template":"","format":"standard","meta":{"_acf_changed":false,"footnotes":""},"categories":[112],"tags":[637,114,639,645,646,115,636,113,116],"class_list":["post-13439","post","type-post","status-publish","format-standard","has-post-thumbnail","hentry","category-press","tag-corona-en","tag-coronavirus-en","tag-covid-19-en","tag-fraunhofer-en","tag-ibmt-en","tag-mobile-lab-en","tag-mobiles-labor-en","tag-sars-cov-2-en","tag-sicherheitslabore-en"],"acf":[],"yoast_head":"<!-- This site is optimized with the Yoast SEO Premium plugin v27.1 (Yoast SEO v27.1.1) - https:\/\/yoast.com\/product\/yoast-seo-premium-wordpress\/ -->\n<title>Mobiles Labor Fraunhofer IBMT - Bischoff + Scheck AG<\/title>\n<meta name=\"description\" content=\"Mobiles Labor Fraunhofer IBMT in Zusammenarbeit mit dem Fahrzeughersteller Bischoff + Scheck im Projekt \u00bbLabor der Zukunft\u00ab.\" \/>\n<meta name=\"robots\" content=\"index, follow, max-snippet:-1, max-image-preview:large, max-video-preview:-1\" \/>\n<link rel=\"canonical\" href=\"https:\/\/www.bischoff-scheck.de\/en\/mobiles-labor-fraunhofer-ibmt\/\" \/>\n<meta property=\"og:locale\" content=\"en_US\" \/>\n<meta property=\"og:type\" content=\"article\" \/>\n<meta property=\"og:title\" content=\"Mobiles Labor Fraunhofer IBMT\" \/>\n<meta property=\"og:description\" content=\"Mobiles Labor Fraunhofer IBMT in Zusammenarbeit mit dem Fahrzeughersteller Bischoff + Scheck im Projekt \u00bbLabor der Zukunft\u00ab.\" \/>\n<meta property=\"og:url\" content=\"https:\/\/www.bischoff-scheck.de\/en\/mobiles-labor-fraunhofer-ibmt\/\" \/>\n<meta property=\"og:site_name\" content=\"Bischoff + Scheck GmbH - Spezialisten im Fahrzeugbau\" \/>\n<meta property=\"article:published_time\" content=\"2020-04-22T09:39:41+00:00\" \/>\n<meta property=\"article:modified_time\" content=\"2021-06-21T08:17:19+00:00\" \/>\n<meta property=\"og:image\" content=\"https:\/\/www.bischoff-scheck.de\/wp-content\/uploads\/2020\/05\/fraunhofer_artikel-1.jpg\" \/>\n\t<meta property=\"og:image:width\" content=\"1920\" \/>\n\t<meta property=\"og:image:height\" content=\"1152\" \/>\n\t<meta property=\"og:image:type\" content=\"image\/jpeg\" \/>\n<meta name=\"author\" content=\"jm-ad\" \/>\n<meta name=\"twitter:card\" content=\"summary_large_image\" \/>\n<meta name=\"twitter:label1\" content=\"Written by\" \/>\n\t<meta name=\"twitter:data1\" content=\"jm-ad\" \/>\n\t<meta name=\"twitter:label2\" content=\"Est. reading time\" \/>\n\t<meta name=\"twitter:data2\" content=\"10 minutes\" \/>\n<script type=\"application\/ld+json\" class=\"yoast-schema-graph\">{\"@context\":\"https:\/\/schema.org\",\"@graph\":[{\"@type\":\"Article\",\"@id\":\"https:\/\/www.bischoff-scheck.de\/en\/mobiles-labor-fraunhofer-ibmt\/#article\",\"isPartOf\":{\"@id\":\"https:\/\/www.bischoff-scheck.de\/en\/mobiles-labor-fraunhofer-ibmt\/\"},\"author\":{\"name\":\"jm-ad\",\"@id\":\"https:\/\/www.bischoff-scheck.de\/#\/schema\/person\/c1da4d6fcc522f862dfcb5df6d07a3f5\"},\"headline\":\"Mobiles Labor Fraunhofer IBMT\",\"datePublished\":\"2020-04-22T09:39:41+00:00\",\"dateModified\":\"2021-06-21T08:17:19+00:00\",\"mainEntityOfPage\":{\"@id\":\"https:\/\/www.bischoff-scheck.de\/en\/mobiles-labor-fraunhofer-ibmt\/\"},\"wordCount\":1794,\"publisher\":{\"@id\":\"https:\/\/www.bischoff-scheck.de\/#organization\"},\"image\":{\"@id\":\"https:\/\/www.bischoff-scheck.de\/en\/mobiles-labor-fraunhofer-ibmt\/#primaryimage\"},\"thumbnailUrl\":\"https:\/\/www.bischoff-scheck.de\/wp-content\/uploads\/2020\/05\/fraunhofer_artikel-1.jpg\",\"keywords\":[\"Corona\",\"Coronavirus\",\"COVID-19\",\"Fraunhofer\",\"IBMT\",\"mobile Lab\",\"Mobiles Labor\",\"SARS-CoV-2\",\"Sicherheitslabore\"],\"articleSection\":[\"Press\"],\"inLanguage\":\"en-US\"},{\"@type\":\"WebPage\",\"@id\":\"https:\/\/www.bischoff-scheck.de\/en\/mobiles-labor-fraunhofer-ibmt\/\",\"url\":\"https:\/\/www.bischoff-scheck.de\/en\/mobiles-labor-fraunhofer-ibmt\/\",\"name\":\"Mobiles Labor Fraunhofer IBMT - Bischoff + Scheck AG\",\"isPartOf\":{\"@id\":\"https:\/\/www.bischoff-scheck.de\/#website\"},\"primaryImageOfPage\":{\"@id\":\"https:\/\/www.bischoff-scheck.de\/en\/mobiles-labor-fraunhofer-ibmt\/#primaryimage\"},\"image\":{\"@id\":\"https:\/\/www.bischoff-scheck.de\/en\/mobiles-labor-fraunhofer-ibmt\/#primaryimage\"},\"thumbnailUrl\":\"https:\/\/www.bischoff-scheck.de\/wp-content\/uploads\/2020\/05\/fraunhofer_artikel-1.jpg\",\"datePublished\":\"2020-04-22T09:39:41+00:00\",\"dateModified\":\"2021-06-21T08:17:19+00:00\",\"description\":\"Mobiles Labor Fraunhofer IBMT in Zusammenarbeit mit dem Fahrzeughersteller Bischoff + Scheck im Projekt \u00bbLabor der Zukunft\u00ab.\",\"breadcrumb\":{\"@id\":\"https:\/\/www.bischoff-scheck.de\/en\/mobiles-labor-fraunhofer-ibmt\/#breadcrumb\"},\"inLanguage\":\"en-US\",\"potentialAction\":[{\"@type\":\"ReadAction\",\"target\":[\"https:\/\/www.bischoff-scheck.de\/en\/mobiles-labor-fraunhofer-ibmt\/\"]}]},{\"@type\":\"ImageObject\",\"inLanguage\":\"en-US\",\"@id\":\"https:\/\/www.bischoff-scheck.de\/en\/mobiles-labor-fraunhofer-ibmt\/#primaryimage\",\"url\":\"https:\/\/www.bischoff-scheck.de\/wp-content\/uploads\/2020\/05\/fraunhofer_artikel-1.jpg\",\"contentUrl\":\"https:\/\/www.bischoff-scheck.de\/wp-content\/uploads\/2020\/05\/fraunhofer_artikel-1.jpg\",\"width\":1920,\"height\":1152},{\"@type\":\"BreadcrumbList\",\"@id\":\"https:\/\/www.bischoff-scheck.de\/en\/mobiles-labor-fraunhofer-ibmt\/#breadcrumb\",\"itemListElement\":[{\"@type\":\"ListItem\",\"position\":1,\"name\":\"Startseite\",\"item\":\"https:\/\/www.bischoff-scheck.de\/en\/\"},{\"@type\":\"ListItem\",\"position\":2,\"name\":\"Mobiles Labor Fraunhofer IBMT\"}]},{\"@type\":\"WebSite\",\"@id\":\"https:\/\/www.bischoff-scheck.de\/#website\",\"url\":\"https:\/\/www.bischoff-scheck.de\/\",\"name\":\"Bischoff + Scheck GmbH - Spezialisten im Fahrzeugbau\",\"description\":\"Moving Ideas\",\"publisher\":{\"@id\":\"https:\/\/www.bischoff-scheck.de\/#organization\"},\"potentialAction\":[{\"@type\":\"SearchAction\",\"target\":{\"@type\":\"EntryPoint\",\"urlTemplate\":\"https:\/\/www.bischoff-scheck.de\/?s={search_term_string}\"},\"query-input\":{\"@type\":\"PropertyValueSpecification\",\"valueRequired\":true,\"valueName\":\"search_term_string\"}}],\"inLanguage\":\"en-US\"},{\"@type\":\"Organization\",\"@id\":\"https:\/\/www.bischoff-scheck.de\/#organization\",\"name\":\"Bischoff + Scheck AG\",\"url\":\"https:\/\/www.bischoff-scheck.de\/\",\"logo\":{\"@type\":\"ImageObject\",\"inLanguage\":\"en-US\",\"@id\":\"https:\/\/www.bischoff-scheck.de\/#\/schema\/logo\/image\/\",\"url\":\"https:\/\/www.bischoff-scheck.de\/wp-content\/uploads\/2020\/12\/BS_Wortmarke_Black-1.png\",\"contentUrl\":\"https:\/\/www.bischoff-scheck.de\/wp-content\/uploads\/2020\/12\/BS_Wortmarke_Black-1.png\",\"width\":1030,\"height\":105,\"caption\":\"Bischoff + Scheck AG\"},\"image\":{\"@id\":\"https:\/\/www.bischoff-scheck.de\/#\/schema\/logo\/image\/\"}},{\"@type\":\"Person\",\"@id\":\"https:\/\/www.bischoff-scheck.de\/#\/schema\/person\/c1da4d6fcc522f862dfcb5df6d07a3f5\",\"name\":\"jm-ad\",\"url\":\"https:\/\/www.bischoff-scheck.de\/en\/author\/jm-ad\/\"}]}<\/script>\n<!-- \/ Yoast SEO Premium plugin. -->","yoast_head_json":{"title":"Mobiles Labor Fraunhofer IBMT - Bischoff + Scheck AG","description":"Mobiles Labor Fraunhofer IBMT in Zusammenarbeit mit dem Fahrzeughersteller Bischoff + Scheck im Projekt \u00bbLabor der Zukunft\u00ab.","robots":{"index":"index","follow":"follow","max-snippet":"max-snippet:-1","max-image-preview":"max-image-preview:large","max-video-preview":"max-video-preview:-1"},"canonical":"https:\/\/www.bischoff-scheck.de\/en\/mobiles-labor-fraunhofer-ibmt\/","og_locale":"en_US","og_type":"article","og_title":"Mobiles Labor Fraunhofer IBMT","og_description":"Mobiles Labor Fraunhofer IBMT in Zusammenarbeit mit dem Fahrzeughersteller Bischoff + Scheck im Projekt \u00bbLabor der Zukunft\u00ab.","og_url":"https:\/\/www.bischoff-scheck.de\/en\/mobiles-labor-fraunhofer-ibmt\/","og_site_name":"Bischoff + Scheck GmbH - Spezialisten im Fahrzeugbau","article_published_time":"2020-04-22T09:39:41+00:00","article_modified_time":"2021-06-21T08:17:19+00:00","og_image":[{"width":1920,"height":1152,"url":"https:\/\/www.bischoff-scheck.de\/wp-content\/uploads\/2020\/05\/fraunhofer_artikel-1.jpg","type":"image\/jpeg"}],"author":"jm-ad","twitter_card":"summary_large_image","twitter_misc":{"Written by":"jm-ad","Est. reading time":"10 minutes"},"schema":{"@context":"https:\/\/schema.org","@graph":[{"@type":"Article","@id":"https:\/\/www.bischoff-scheck.de\/en\/mobiles-labor-fraunhofer-ibmt\/#article","isPartOf":{"@id":"https:\/\/www.bischoff-scheck.de\/en\/mobiles-labor-fraunhofer-ibmt\/"},"author":{"name":"jm-ad","@id":"https:\/\/www.bischoff-scheck.de\/#\/schema\/person\/c1da4d6fcc522f862dfcb5df6d07a3f5"},"headline":"Mobiles Labor Fraunhofer IBMT","datePublished":"2020-04-22T09:39:41+00:00","dateModified":"2021-06-21T08:17:19+00:00","mainEntityOfPage":{"@id":"https:\/\/www.bischoff-scheck.de\/en\/mobiles-labor-fraunhofer-ibmt\/"},"wordCount":1794,"publisher":{"@id":"https:\/\/www.bischoff-scheck.de\/#organization"},"image":{"@id":"https:\/\/www.bischoff-scheck.de\/en\/mobiles-labor-fraunhofer-ibmt\/#primaryimage"},"thumbnailUrl":"https:\/\/www.bischoff-scheck.de\/wp-content\/uploads\/2020\/05\/fraunhofer_artikel-1.jpg","keywords":["Corona","Coronavirus","COVID-19","Fraunhofer","IBMT","mobile Lab","Mobiles Labor","SARS-CoV-2","Sicherheitslabore"],"articleSection":["Press"],"inLanguage":"en-US"},{"@type":"WebPage","@id":"https:\/\/www.bischoff-scheck.de\/en\/mobiles-labor-fraunhofer-ibmt\/","url":"https:\/\/www.bischoff-scheck.de\/en\/mobiles-labor-fraunhofer-ibmt\/","name":"Mobiles Labor Fraunhofer IBMT - Bischoff + Scheck AG","isPartOf":{"@id":"https:\/\/www.bischoff-scheck.de\/#website"},"primaryImageOfPage":{"@id":"https:\/\/www.bischoff-scheck.de\/en\/mobiles-labor-fraunhofer-ibmt\/#primaryimage"},"image":{"@id":"https:\/\/www.bischoff-scheck.de\/en\/mobiles-labor-fraunhofer-ibmt\/#primaryimage"},"thumbnailUrl":"https:\/\/www.bischoff-scheck.de\/wp-content\/uploads\/2020\/05\/fraunhofer_artikel-1.jpg","datePublished":"2020-04-22T09:39:41+00:00","dateModified":"2021-06-21T08:17:19+00:00","description":"Mobiles Labor Fraunhofer IBMT in Zusammenarbeit mit dem Fahrzeughersteller Bischoff + Scheck im Projekt \u00bbLabor der Zukunft\u00ab.","breadcrumb":{"@id":"https:\/\/www.bischoff-scheck.de\/en\/mobiles-labor-fraunhofer-ibmt\/#breadcrumb"},"inLanguage":"en-US","potentialAction":[{"@type":"ReadAction","target":["https:\/\/www.bischoff-scheck.de\/en\/mobiles-labor-fraunhofer-ibmt\/"]}]},{"@type":"ImageObject","inLanguage":"en-US","@id":"https:\/\/www.bischoff-scheck.de\/en\/mobiles-labor-fraunhofer-ibmt\/#primaryimage","url":"https:\/\/www.bischoff-scheck.de\/wp-content\/uploads\/2020\/05\/fraunhofer_artikel-1.jpg","contentUrl":"https:\/\/www.bischoff-scheck.de\/wp-content\/uploads\/2020\/05\/fraunhofer_artikel-1.jpg","width":1920,"height":1152},{"@type":"BreadcrumbList","@id":"https:\/\/www.bischoff-scheck.de\/en\/mobiles-labor-fraunhofer-ibmt\/#breadcrumb","itemListElement":[{"@type":"ListItem","position":1,"name":"Startseite","item":"https:\/\/www.bischoff-scheck.de\/en\/"},{"@type":"ListItem","position":2,"name":"Mobiles Labor Fraunhofer IBMT"}]},{"@type":"WebSite","@id":"https:\/\/www.bischoff-scheck.de\/#website","url":"https:\/\/www.bischoff-scheck.de\/","name":"Bischoff + Scheck GmbH - Spezialisten im Fahrzeugbau","description":"Moving Ideas","publisher":{"@id":"https:\/\/www.bischoff-scheck.de\/#organization"},"potentialAction":[{"@type":"SearchAction","target":{"@type":"EntryPoint","urlTemplate":"https:\/\/www.bischoff-scheck.de\/?s={search_term_string}"},"query-input":{"@type":"PropertyValueSpecification","valueRequired":true,"valueName":"search_term_string"}}],"inLanguage":"en-US"},{"@type":"Organization","@id":"https:\/\/www.bischoff-scheck.de\/#organization","name":"Bischoff + Scheck AG","url":"https:\/\/www.bischoff-scheck.de\/","logo":{"@type":"ImageObject","inLanguage":"en-US","@id":"https:\/\/www.bischoff-scheck.de\/#\/schema\/logo\/image\/","url":"https:\/\/www.bischoff-scheck.de\/wp-content\/uploads\/2020\/12\/BS_Wortmarke_Black-1.png","contentUrl":"https:\/\/www.bischoff-scheck.de\/wp-content\/uploads\/2020\/12\/BS_Wortmarke_Black-1.png","width":1030,"height":105,"caption":"Bischoff + Scheck AG"},"image":{"@id":"https:\/\/www.bischoff-scheck.de\/#\/schema\/logo\/image\/"}},{"@type":"Person","@id":"https:\/\/www.bischoff-scheck.de\/#\/schema\/person\/c1da4d6fcc522f862dfcb5df6d07a3f5","name":"jm-ad","url":"https:\/\/www.bischoff-scheck.de\/en\/author\/jm-ad\/"}]}},"_links":{"self":[{"href":"https:\/\/www.bischoff-scheck.de\/en\/wp-json\/wp\/v2\/posts\/13439","targetHints":{"allow":["GET"]}}],"collection":[{"href":"https:\/\/www.bischoff-scheck.de\/en\/wp-json\/wp\/v2\/posts"}],"about":[{"href":"https:\/\/www.bischoff-scheck.de\/en\/wp-json\/wp\/v2\/types\/post"}],"author":[{"embeddable":true,"href":"https:\/\/www.bischoff-scheck.de\/en\/wp-json\/wp\/v2\/users\/7"}],"replies":[{"embeddable":true,"href":"https:\/\/www.bischoff-scheck.de\/en\/wp-json\/wp\/v2\/comments?post=13439"}],"version-history":[{"count":12,"href":"https:\/\/www.bischoff-scheck.de\/en\/wp-json\/wp\/v2\/posts\/13439\/revisions"}],"predecessor-version":[{"id":16126,"href":"https:\/\/www.bischoff-scheck.de\/en\/wp-json\/wp\/v2\/posts\/13439\/revisions\/16126"}],"wp:featuredmedia":[{"embeddable":true,"href":"https:\/\/www.bischoff-scheck.de\/en\/wp-json\/wp\/v2\/media\/11750"}],"wp:attachment":[{"href":"https:\/\/www.bischoff-scheck.de\/en\/wp-json\/wp\/v2\/media?parent=13439"}],"wp:term":[{"taxonomy":"category","embeddable":true,"href":"https:\/\/www.bischoff-scheck.de\/en\/wp-json\/wp\/v2\/categories?post=13439"},{"taxonomy":"post_tag","embeddable":true,"href":"https:\/\/www.bischoff-scheck.de\/en\/wp-json\/wp\/v2\/tags?post=13439"}],"curies":[{"name":"wp","href":"https:\/\/api.w.org\/{rel}","templated":true}]}}