{"id":13409,"date":"2020-12-15T11:33:41","date_gmt":"2020-12-15T10:33:41","guid":{"rendered":"https:\/\/www.bischoff-scheck.de\/elektroinstallateur-m-w-d\/"},"modified":"2021-06-10T10:29:03","modified_gmt":"2021-06-10T08:29:03","slug":"elektroinstallateur-m-w-d","status":"publish","type":"post","link":"https:\/\/www.bischoff-scheck.de\/en\/elektroinstallateur-m-w-d\/","title":{"rendered":"Elektroinstallateur (m\/w\/d)"},"content":{"rendered":"<div class=\"flex_column av_one_full  flex_column_div av-zero-column-padding first  avia-builder-el-0  el_before_av_one_full  avia-builder-el-first  \" style='border-radius:0px; '><\/div>\n<div class=\"flex_column av_one_full  flex_column_div av-zero-column-padding first  avia-builder-el-1  el_after_av_one_full  el_before_av_one_full  column-top-margin\" style='border-radius:0px; '><\/div>\n<div class=\"flex_column av_one_full  flex_column_div av-zero-column-padding first  avia-builder-el-2  el_after_av_one_full  el_before_av_textblock  column-top-margin\" style='border-radius:0px; '><\/div>\n<section class=\"av_textblock_section \"  itemscope=\"itemscope\" itemtype=\"https:\/\/schema.org\/BlogPosting\" itemprop=\"blogPost\" ><div class='avia_textblock  '   itemprop=\"text\" ><p>Wir bilden aus und suchen zum n\u00e4chsten Ausbildungsstart<\/p>\n<h2>Elektroinstallateur (m\/w\/d)<\/h2>\n<p>Deine Aufgaben:<\/p>\n<ul>\n<li>Durchf\u00fchrung von Montage und Anschlussarbeiten im Sonderfahrzeugbau<\/li>\n<li>Aufbau und Anschluss von Schaltanlagen bzw. Elektroanlagen<\/li>\n<li>Inbetriebnahme von Elektroanlagen<\/li>\n<li>Servicearbeiten und Messungen an Elektroanlagen<\/li>\n<\/ul>\n<p>Es erwartet Dich eine qualifizierte Ausbildung mit Perspektive und sehr guten \u00dcbernahmechancen in einem innovativen Unternehmen. Du lernst vielf\u00e4ltige und spannende Aufgabengebiete kennen. Wir haben Dein Interesse geweckt? Dann freuen wir uns auf Deine vollst\u00e4ndige und aussagekr\u00e4ftige Bewerbung. Gerne auch per Mail an <a href=\"mailto:bewerbung@bischoff-scheck.de\">bewerbung@bischoff-scheck.de<\/a><\/p>\n<p>Bischoff + Scheck AG \/ Victoria Blvd. D 100 \/ 77836 Rheinm\u00fcnster \/ Tel: 07229\/18680-60<\/p>\n<\/div><\/section>\n","protected":false},"excerpt":{"rendered":"","protected":false},"author":7,"featured_media":10503,"comment_status":"closed","ping_status":"open","sticky":false,"template":"","format":"standard","meta":{"_acf_changed":false,"footnotes":""},"categories":[109],"tags":[538,597,569],"class_list":["post-13409","post","type-post","status-publish","format-standard","has-post-thumbnail","hentry","category-apprenticeship","tag-bischoffscheck-en-2","tag-lehrstellen-en","tag-rheinmuenster-en"],"acf":[],"yoast_head":"<!-- This site is optimized with the Yoast SEO Premium plugin v27.1 (Yoast SEO v27.1.1) - https:\/\/yoast.com\/product\/yoast-seo-premium-wordpress\/ -->\n<title>Ausbildung zum Elektroinstallateur - bei Bischoff+Scheck AG<\/title>\n<meta name=\"description\" content=\"Es erwartet Dich eine qualifizierte Ausbildung zum Elektroinstallateur mit Perspektive in einem innovativen Unternehmen. Bewirb Dich jetzt!\" \/>\n<meta name=\"robots\" content=\"index, follow, max-snippet:-1, max-image-preview:large, max-video-preview:-1\" \/>\n<link rel=\"canonical\" href=\"https:\/\/www.bischoff-scheck.de\/en\/elektroinstallateur-m-w-d\/\" \/>\n<meta property=\"og:locale\" content=\"en_US\" \/>\n<meta property=\"og:type\" content=\"article\" \/>\n<meta property=\"og:title\" content=\"Elektroinstallateur (m\/w\/d)\" \/>\n<meta property=\"og:description\" content=\"Es erwartet Dich eine qualifizierte Ausbildung zum Elektroinstallateur mit Perspektive in einem innovativen Unternehmen. Bewirb Dich jetzt!\" \/>\n<meta property=\"og:url\" content=\"https:\/\/www.bischoff-scheck.de\/en\/elektroinstallateur-m-w-d\/\" \/>\n<meta property=\"og:site_name\" content=\"Bischoff + Scheck GmbH - Spezialisten im Fahrzeugbau\" \/>\n<meta property=\"article:published_time\" content=\"2020-12-15T10:33:41+00:00\" \/>\n<meta property=\"article:modified_time\" content=\"2021-06-10T08:29:03+00:00\" \/>\n<meta property=\"og:image\" content=\"https:\/\/www.bischoff-scheck.de\/wp-content\/uploads\/Elektrotechnik1-2.jpg\" \/>\n\t<meta property=\"og:image:width\" content=\"1500\" \/>\n\t<meta property=\"og:image:height\" content=\"900\" \/>\n\t<meta property=\"og:image:type\" content=\"image\/jpeg\" \/>\n<meta name=\"author\" content=\"jm-ad\" \/>\n<meta name=\"twitter:card\" content=\"summary_large_image\" \/>\n<meta name=\"twitter:label1\" content=\"Written by\" \/>\n\t<meta name=\"twitter:data1\" content=\"jm-ad\" \/>\n\t<meta name=\"twitter:label2\" content=\"Est. reading time\" \/>\n\t<meta name=\"twitter:data2\" content=\"2 minutes\" \/>\n<script type=\"application\/ld+json\" class=\"yoast-schema-graph\">{\"@context\":\"https:\/\/schema.org\",\"@graph\":[{\"@type\":\"Article\",\"@id\":\"https:\/\/www.bischoff-scheck.de\/en\/elektroinstallateur-m-w-d\/#article\",\"isPartOf\":{\"@id\":\"https:\/\/www.bischoff-scheck.de\/en\/elektroinstallateur-m-w-d\/\"},\"author\":{\"name\":\"jm-ad\",\"@id\":\"https:\/\/www.bischoff-scheck.de\/#\/schema\/person\/c1da4d6fcc522f862dfcb5df6d07a3f5\"},\"headline\":\"Elektroinstallateur (m\/w\/d)\",\"datePublished\":\"2020-12-15T10:33:41+00:00\",\"dateModified\":\"2021-06-10T08:29:03+00:00\",\"mainEntityOfPage\":{\"@id\":\"https:\/\/www.bischoff-scheck.de\/en\/elektroinstallateur-m-w-d\/\"},\"wordCount\":387,\"publisher\":{\"@id\":\"https:\/\/www.bischoff-scheck.de\/#organization\"},\"image\":{\"@id\":\"https:\/\/www.bischoff-scheck.de\/en\/elektroinstallateur-m-w-d\/#primaryimage\"},\"thumbnailUrl\":\"https:\/\/www.bischoff-scheck.de\/wp-content\/uploads\/Elektrotechnik1-2.jpg\",\"keywords\":[\"Bischoff+Scheck\",\"Lehrstellen\",\"Rheinm\u00fcnster\"],\"articleSection\":[\"Apprenticeship\"],\"inLanguage\":\"en-US\"},{\"@type\":\"WebPage\",\"@id\":\"https:\/\/www.bischoff-scheck.de\/en\/elektroinstallateur-m-w-d\/\",\"url\":\"https:\/\/www.bischoff-scheck.de\/en\/elektroinstallateur-m-w-d\/\",\"name\":\"Ausbildung zum Elektroinstallateur - bei Bischoff+Scheck AG\",\"isPartOf\":{\"@id\":\"https:\/\/www.bischoff-scheck.de\/#website\"},\"primaryImageOfPage\":{\"@id\":\"https:\/\/www.bischoff-scheck.de\/en\/elektroinstallateur-m-w-d\/#primaryimage\"},\"image\":{\"@id\":\"https:\/\/www.bischoff-scheck.de\/en\/elektroinstallateur-m-w-d\/#primaryimage\"},\"thumbnailUrl\":\"https:\/\/www.bischoff-scheck.de\/wp-content\/uploads\/Elektrotechnik1-2.jpg\",\"datePublished\":\"2020-12-15T10:33:41+00:00\",\"dateModified\":\"2021-06-10T08:29:03+00:00\",\"description\":\"Es erwartet Dich eine qualifizierte Ausbildung zum Elektroinstallateur mit Perspektive in einem innovativen Unternehmen. Bewirb Dich jetzt!\",\"breadcrumb\":{\"@id\":\"https:\/\/www.bischoff-scheck.de\/en\/elektroinstallateur-m-w-d\/#breadcrumb\"},\"inLanguage\":\"en-US\",\"potentialAction\":[{\"@type\":\"ReadAction\",\"target\":[\"https:\/\/www.bischoff-scheck.de\/en\/elektroinstallateur-m-w-d\/\"]}]},{\"@type\":\"ImageObject\",\"inLanguage\":\"en-US\",\"@id\":\"https:\/\/www.bischoff-scheck.de\/en\/elektroinstallateur-m-w-d\/#primaryimage\",\"url\":\"https:\/\/www.bischoff-scheck.de\/wp-content\/uploads\/Elektrotechnik1-2.jpg\",\"contentUrl\":\"https:\/\/www.bischoff-scheck.de\/wp-content\/uploads\/Elektrotechnik1-2.jpg\",\"width\":1500,\"height\":900,\"caption\":\"Bild Elektroinstallateur\"},{\"@type\":\"BreadcrumbList\",\"@id\":\"https:\/\/www.bischoff-scheck.de\/en\/elektroinstallateur-m-w-d\/#breadcrumb\",\"itemListElement\":[{\"@type\":\"ListItem\",\"position\":1,\"name\":\"Startseite\",\"item\":\"https:\/\/www.bischoff-scheck.de\/en\/\"},{\"@type\":\"ListItem\",\"position\":2,\"name\":\"Elektroinstallateur (m\/w\/d)\"}]},{\"@type\":\"WebSite\",\"@id\":\"https:\/\/www.bischoff-scheck.de\/#website\",\"url\":\"https:\/\/www.bischoff-scheck.de\/\",\"name\":\"Bischoff + Scheck GmbH - Spezialisten im Fahrzeugbau\",\"description\":\"Moving Ideas\",\"publisher\":{\"@id\":\"https:\/\/www.bischoff-scheck.de\/#organization\"},\"potentialAction\":[{\"@type\":\"SearchAction\",\"target\":{\"@type\":\"EntryPoint\",\"urlTemplate\":\"https:\/\/www.bischoff-scheck.de\/?s={search_term_string}\"},\"query-input\":{\"@type\":\"PropertyValueSpecification\",\"valueRequired\":true,\"valueName\":\"search_term_string\"}}],\"inLanguage\":\"en-US\"},{\"@type\":\"Organization\",\"@id\":\"https:\/\/www.bischoff-scheck.de\/#organization\",\"name\":\"Bischoff + Scheck AG\",\"url\":\"https:\/\/www.bischoff-scheck.de\/\",\"logo\":{\"@type\":\"ImageObject\",\"inLanguage\":\"en-US\",\"@id\":\"https:\/\/www.bischoff-scheck.de\/#\/schema\/logo\/image\/\",\"url\":\"https:\/\/www.bischoff-scheck.de\/wp-content\/uploads\/2020\/12\/BS_Wortmarke_Black-1.png\",\"contentUrl\":\"https:\/\/www.bischoff-scheck.de\/wp-content\/uploads\/2020\/12\/BS_Wortmarke_Black-1.png\",\"width\":1030,\"height\":105,\"caption\":\"Bischoff + Scheck AG\"},\"image\":{\"@id\":\"https:\/\/www.bischoff-scheck.de\/#\/schema\/logo\/image\/\"}},{\"@type\":\"Person\",\"@id\":\"https:\/\/www.bischoff-scheck.de\/#\/schema\/person\/c1da4d6fcc522f862dfcb5df6d07a3f5\",\"name\":\"jm-ad\",\"url\":\"https:\/\/www.bischoff-scheck.de\/en\/author\/jm-ad\/\"}]}<\/script>\n<!-- \/ Yoast SEO Premium plugin. -->","yoast_head_json":{"title":"Ausbildung zum Elektroinstallateur - bei Bischoff+Scheck AG","description":"Es erwartet Dich eine qualifizierte Ausbildung zum Elektroinstallateur mit Perspektive in einem innovativen Unternehmen. Bewirb Dich jetzt!","robots":{"index":"index","follow":"follow","max-snippet":"max-snippet:-1","max-image-preview":"max-image-preview:large","max-video-preview":"max-video-preview:-1"},"canonical":"https:\/\/www.bischoff-scheck.de\/en\/elektroinstallateur-m-w-d\/","og_locale":"en_US","og_type":"article","og_title":"Elektroinstallateur (m\/w\/d)","og_description":"Es erwartet Dich eine qualifizierte Ausbildung zum Elektroinstallateur mit Perspektive in einem innovativen Unternehmen. Bewirb Dich jetzt!","og_url":"https:\/\/www.bischoff-scheck.de\/en\/elektroinstallateur-m-w-d\/","og_site_name":"Bischoff + Scheck GmbH - Spezialisten im Fahrzeugbau","article_published_time":"2020-12-15T10:33:41+00:00","article_modified_time":"2021-06-10T08:29:03+00:00","og_image":[{"width":1500,"height":900,"url":"https:\/\/www.bischoff-scheck.de\/wp-content\/uploads\/Elektrotechnik1-2.jpg","type":"image\/jpeg"}],"author":"jm-ad","twitter_card":"summary_large_image","twitter_misc":{"Written by":"jm-ad","Est. reading time":"2 minutes"},"schema":{"@context":"https:\/\/schema.org","@graph":[{"@type":"Article","@id":"https:\/\/www.bischoff-scheck.de\/en\/elektroinstallateur-m-w-d\/#article","isPartOf":{"@id":"https:\/\/www.bischoff-scheck.de\/en\/elektroinstallateur-m-w-d\/"},"author":{"name":"jm-ad","@id":"https:\/\/www.bischoff-scheck.de\/#\/schema\/person\/c1da4d6fcc522f862dfcb5df6d07a3f5"},"headline":"Elektroinstallateur (m\/w\/d)","datePublished":"2020-12-15T10:33:41+00:00","dateModified":"2021-06-10T08:29:03+00:00","mainEntityOfPage":{"@id":"https:\/\/www.bischoff-scheck.de\/en\/elektroinstallateur-m-w-d\/"},"wordCount":387,"publisher":{"@id":"https:\/\/www.bischoff-scheck.de\/#organization"},"image":{"@id":"https:\/\/www.bischoff-scheck.de\/en\/elektroinstallateur-m-w-d\/#primaryimage"},"thumbnailUrl":"https:\/\/www.bischoff-scheck.de\/wp-content\/uploads\/Elektrotechnik1-2.jpg","keywords":["Bischoff+Scheck","Lehrstellen","Rheinm\u00fcnster"],"articleSection":["Apprenticeship"],"inLanguage":"en-US"},{"@type":"WebPage","@id":"https:\/\/www.bischoff-scheck.de\/en\/elektroinstallateur-m-w-d\/","url":"https:\/\/www.bischoff-scheck.de\/en\/elektroinstallateur-m-w-d\/","name":"Ausbildung zum Elektroinstallateur - bei Bischoff+Scheck AG","isPartOf":{"@id":"https:\/\/www.bischoff-scheck.de\/#website"},"primaryImageOfPage":{"@id":"https:\/\/www.bischoff-scheck.de\/en\/elektroinstallateur-m-w-d\/#primaryimage"},"image":{"@id":"https:\/\/www.bischoff-scheck.de\/en\/elektroinstallateur-m-w-d\/#primaryimage"},"thumbnailUrl":"https:\/\/www.bischoff-scheck.de\/wp-content\/uploads\/Elektrotechnik1-2.jpg","datePublished":"2020-12-15T10:33:41+00:00","dateModified":"2021-06-10T08:29:03+00:00","description":"Es erwartet Dich eine qualifizierte Ausbildung zum Elektroinstallateur mit Perspektive in einem innovativen Unternehmen. Bewirb Dich jetzt!","breadcrumb":{"@id":"https:\/\/www.bischoff-scheck.de\/en\/elektroinstallateur-m-w-d\/#breadcrumb"},"inLanguage":"en-US","potentialAction":[{"@type":"ReadAction","target":["https:\/\/www.bischoff-scheck.de\/en\/elektroinstallateur-m-w-d\/"]}]},{"@type":"ImageObject","inLanguage":"en-US","@id":"https:\/\/www.bischoff-scheck.de\/en\/elektroinstallateur-m-w-d\/#primaryimage","url":"https:\/\/www.bischoff-scheck.de\/wp-content\/uploads\/Elektrotechnik1-2.jpg","contentUrl":"https:\/\/www.bischoff-scheck.de\/wp-content\/uploads\/Elektrotechnik1-2.jpg","width":1500,"height":900,"caption":"Bild Elektroinstallateur"},{"@type":"BreadcrumbList","@id":"https:\/\/www.bischoff-scheck.de\/en\/elektroinstallateur-m-w-d\/#breadcrumb","itemListElement":[{"@type":"ListItem","position":1,"name":"Startseite","item":"https:\/\/www.bischoff-scheck.de\/en\/"},{"@type":"ListItem","position":2,"name":"Elektroinstallateur (m\/w\/d)"}]},{"@type":"WebSite","@id":"https:\/\/www.bischoff-scheck.de\/#website","url":"https:\/\/www.bischoff-scheck.de\/","name":"Bischoff + Scheck GmbH - Spezialisten im Fahrzeugbau","description":"Moving Ideas","publisher":{"@id":"https:\/\/www.bischoff-scheck.de\/#organization"},"potentialAction":[{"@type":"SearchAction","target":{"@type":"EntryPoint","urlTemplate":"https:\/\/www.bischoff-scheck.de\/?s={search_term_string}"},"query-input":{"@type":"PropertyValueSpecification","valueRequired":true,"valueName":"search_term_string"}}],"inLanguage":"en-US"},{"@type":"Organization","@id":"https:\/\/www.bischoff-scheck.de\/#organization","name":"Bischoff + Scheck AG","url":"https:\/\/www.bischoff-scheck.de\/","logo":{"@type":"ImageObject","inLanguage":"en-US","@id":"https:\/\/www.bischoff-scheck.de\/#\/schema\/logo\/image\/","url":"https:\/\/www.bischoff-scheck.de\/wp-content\/uploads\/2020\/12\/BS_Wortmarke_Black-1.png","contentUrl":"https:\/\/www.bischoff-scheck.de\/wp-content\/uploads\/2020\/12\/BS_Wortmarke_Black-1.png","width":1030,"height":105,"caption":"Bischoff + Scheck AG"},"image":{"@id":"https:\/\/www.bischoff-scheck.de\/#\/schema\/logo\/image\/"}},{"@type":"Person","@id":"https:\/\/www.bischoff-scheck.de\/#\/schema\/person\/c1da4d6fcc522f862dfcb5df6d07a3f5","name":"jm-ad","url":"https:\/\/www.bischoff-scheck.de\/en\/author\/jm-ad\/"}]}},"_links":{"self":[{"href":"https:\/\/www.bischoff-scheck.de\/en\/wp-json\/wp\/v2\/posts\/13409","targetHints":{"allow":["GET"]}}],"collection":[{"href":"https:\/\/www.bischoff-scheck.de\/en\/wp-json\/wp\/v2\/posts"}],"about":[{"href":"https:\/\/www.bischoff-scheck.de\/en\/wp-json\/wp\/v2\/types\/post"}],"author":[{"embeddable":true,"href":"https:\/\/www.bischoff-scheck.de\/en\/wp-json\/wp\/v2\/users\/7"}],"replies":[{"embeddable":true,"href":"https:\/\/www.bischoff-scheck.de\/en\/wp-json\/wp\/v2\/comments?post=13409"}],"version-history":[{"count":4,"href":"https:\/\/www.bischoff-scheck.de\/en\/wp-json\/wp\/v2\/posts\/13409\/revisions"}],"predecessor-version":[{"id":15809,"href":"https:\/\/www.bischoff-scheck.de\/en\/wp-json\/wp\/v2\/posts\/13409\/revisions\/15809"}],"wp:featuredmedia":[{"embeddable":true,"href":"https:\/\/www.bischoff-scheck.de\/en\/wp-json\/wp\/v2\/media\/10503"}],"wp:attachment":[{"href":"https:\/\/www.bischoff-scheck.de\/en\/wp-json\/wp\/v2\/media?parent=13409"}],"wp:term":[{"taxonomy":"category","embeddable":true,"href":"https:\/\/www.bischoff-scheck.de\/en\/wp-json\/wp\/v2\/categories?post=13409"},{"taxonomy":"post_tag","embeddable":true,"href":"https:\/\/www.bischoff-scheck.de\/en\/wp-json\/wp\/v2\/tags?post=13409"}],"curies":[{"name":"wp","href":"https:\/\/api.w.org\/{rel}","templated":true}]}}