{"id":13395,"date":"2020-02-14T09:13:14","date_gmt":"2020-02-14T08:13:14","guid":{"rendered":"https:\/\/www.bischoff-scheck.de\/schreiner-tischler-m-w-d\/"},"modified":"2021-07-15T12:42:39","modified_gmt":"2021-07-15T10:42:39","slug":"schreiner-tischler","status":"publish","type":"post","link":"https:\/\/www.bischoff-scheck.de\/en\/schreiner-tischler\/","title":{"rendered":"Schreiner \/ Tischler (m\/w\/d)"},"content":{"rendered":"<div class=\"flex_column av_one_full  flex_column_div av-zero-column-padding first  avia-builder-el-0  el_before_av_one_full  avia-builder-el-first  \" style='border-radius:0px; '><\/div>\n<div class=\"flex_column av_one_full  flex_column_div av-zero-column-padding first  avia-builder-el-1  el_after_av_one_full  el_before_av_one_full  column-top-margin\" style='border-radius:0px; '><\/div>\n<div class=\"flex_column av_one_full  flex_column_div av-zero-column-padding first  avia-builder-el-2  el_after_av_one_full  el_before_av_textblock  column-top-margin\" style='border-radius:0px; '><\/div>\n<section class=\"av_textblock_section \"  itemscope=\"itemscope\" itemtype=\"https:\/\/schema.org\/BlogPosting\" itemprop=\"blogPost\" ><div class='avia_textblock  '   itemprop=\"text\" ><p>Die Bischoff Scheck AG entwickelt Spezialfahrzeuge Vom Baden Airpark in Rheinm\u00fcnster s\u00fcdlich von Karlsruhe, gehen unsere Fahrzeuge um die ganze Welt Auf unserem Gebiet sind wir f\u00fchrend unsere Premiumfahrzeuge werden von den besten Rennteams diverser Motorsportserien und f\u00fcr die bekanntesten Brands genutzt Wir fertigen Spezialtrucks der besonderen Art von Racetrailern und Motorhomes f\u00fcr die Formel 1 Moto GP usw \u00fcber mobile Labore bis hin zum Offroad Wohnmobil und vieles mehr.<\/p>\n<p><strong>Als st\u00e4ndig wachsendes Unternehmen sind wir immer auf der Suche nach engagierten Pers\u00f6nlichkeiten f\u00fcr unsere anspruchsvollen Projekte, denn ein hochqualifiziertes und motiviertes Team ist die Basis unseres Erfolgs. <\/strong><\/p>\n<p>Wir suchen zum n\u00e4chstm\u00f6glichen Zeitpunkt f\u00fcr unseren Standort in Rheinm\u00fcnster eine\/n<\/p>\n<h1>Schreiner \/ Tischler (m\/w\/d)<\/h1>\n<h3><br class=\"avia-permanent-lb\" \/>Ihre Aufgaben:<\/h3>\n<ul>\n<li>Eigenverantwortliches Herstellen von M\u00f6beln<\/li>\n<li>Ausf\u00fchren von Arbeiten in allen Bereichen des Schreinerhandwerkswerks mit Materialien, die im modernen M\u00f6belbau Verwendung finden <br class=\"avia-permanent-lb\" \/><br class=\"avia-permanent-lb\" \/><\/li>\n<\/ul>\n<h3>Ihr Profil:<\/h3>\n<ul>\n<li>Abgeschlossene Ausbildung als Schreiner oder Tischler im Bereich M\u00f6bel\/Messebau<\/li>\n<li>Mehrj\u00e4hrige Berufserfahrung als Schreiner<\/li>\n<li>Teamf\u00e4higkeit und Engagement <br class=\"avia-permanent-lb\" \/><br class=\"avia-permanent-lb\" \/><\/li>\n<\/ul>\n<h3>Wir bieten:<\/h3>\n<ul>\n<li>Unbefristeter Arbeitsvertrag<\/li>\n<li>Leistungsorientierte Verg\u00fctung<\/li>\n<li>Betriebliche Altersvorsorge<\/li>\n<li>Firmenbike<\/li>\n<li>Firmenunfallversicherung<br class=\"avia-permanent-lb\" \/><br class=\"avia-permanent-lb\" \/><\/li>\n<\/ul>\n<h3>Interesse?<\/h3>\n<p>Wenn Sie an dieser spannenden und abwechslungsreichen Aufgabe interessiert sind, freuen wir uns \u00fcber die Zusendung Ihrer vollst\u00e4ndigen Bewerbungsunterlagen ausschlie\u00dflich per Mail an <a href=\"mailto:bewerbung@bischoff-scheck.de\">bewerbung@bischoff-scheck.de<\/a> mit Angabe Ihrer Gehaltsvorstellung und Ihres fr\u00fchestm\u00f6glichen Einstiegstermins.<\/p>\n<\/div><\/section>\n","protected":false},"excerpt":{"rendered":"","protected":false},"author":7,"featured_media":11704,"comment_status":"closed","ping_status":"closed","sticky":false,"template":"","format":"standard","meta":{"_acf_changed":false,"footnotes":""},"categories":[110],"tags":[228,538,590,569],"class_list":["post-13395","post","type-post","status-publish","format-standard","has-post-thumbnail","hentry","category-jobs-en","tag-bischoffscheck-en","tag-bischoffscheck-en-2","tag-holz-en","tag-rheinmuenster-en"],"acf":[],"yoast_head":"<!-- This site is optimized with the Yoast SEO Premium plugin v27.1 (Yoast SEO v27.1.1) - https:\/\/yoast.com\/product\/yoast-seo-premium-wordpress\/ -->\n<title>Schreiner \/ Tischler (m\/w\/d) - bei Bischoff+Scheck AG<\/title>\n<meta name=\"description\" content=\"Stellenangebot: Schreiner \/ Tischler (m\/w\/d) - Zum n\u00e4chstm\u00f6glichen Zeitpunkt suchen wir f\u00fcr unseren Standort in Rheinm\u00fcnster\" \/>\n<meta name=\"robots\" content=\"index, follow, max-snippet:-1, max-image-preview:large, max-video-preview:-1\" \/>\n<link rel=\"canonical\" href=\"https:\/\/www.bischoff-scheck.de\/en\/schreiner-tischler\/\" \/>\n<meta property=\"og:locale\" content=\"en_US\" \/>\n<meta property=\"og:type\" content=\"article\" \/>\n<meta property=\"og:title\" content=\"Schreiner \/ Tischler (m\/w\/d)\" \/>\n<meta property=\"og:description\" content=\"Stellenangebot: Schreiner \/ Tischler (m\/w\/d) - Zum n\u00e4chstm\u00f6glichen Zeitpunkt suchen wir f\u00fcr unseren Standort in Rheinm\u00fcnster\" \/>\n<meta property=\"og:url\" content=\"https:\/\/www.bischoff-scheck.de\/en\/schreiner-tischler\/\" \/>\n<meta property=\"og:site_name\" content=\"Bischoff + Scheck GmbH - Spezialisten im Fahrzeugbau\" \/>\n<meta property=\"article:published_time\" content=\"2020-02-14T08:13:14+00:00\" \/>\n<meta property=\"article:modified_time\" content=\"2021-07-15T10:42:39+00:00\" \/>\n<meta property=\"og:image\" content=\"https:\/\/www.bischoff-scheck.de\/wp-content\/uploads\/2018\/02\/Schreiner1500x900px.jpg\" \/>\n\t<meta property=\"og:image:width\" content=\"1500\" \/>\n\t<meta property=\"og:image:height\" content=\"900\" \/>\n\t<meta property=\"og:image:type\" content=\"image\/jpeg\" \/>\n<meta name=\"author\" content=\"jm-ad\" \/>\n<meta name=\"twitter:card\" content=\"summary_large_image\" \/>\n<meta name=\"twitter:label1\" content=\"Written by\" \/>\n\t<meta name=\"twitter:data1\" content=\"jm-ad\" \/>\n\t<meta name=\"twitter:label2\" content=\"Est. reading time\" \/>\n\t<meta name=\"twitter:data2\" content=\"3 minutes\" \/>\n<script type=\"application\/ld+json\" class=\"yoast-schema-graph\">{\"@context\":\"https:\/\/schema.org\",\"@graph\":[{\"@type\":\"Article\",\"@id\":\"https:\/\/www.bischoff-scheck.de\/en\/schreiner-tischler\/#article\",\"isPartOf\":{\"@id\":\"https:\/\/www.bischoff-scheck.de\/en\/schreiner-tischler\/\"},\"author\":{\"name\":\"jm-ad\",\"@id\":\"https:\/\/www.bischoff-scheck.de\/#\/schema\/person\/c1da4d6fcc522f862dfcb5df6d07a3f5\"},\"headline\":\"Schreiner \/ Tischler (m\/w\/d)\",\"datePublished\":\"2020-02-14T08:13:14+00:00\",\"dateModified\":\"2021-07-15T10:42:39+00:00\",\"mainEntityOfPage\":{\"@id\":\"https:\/\/www.bischoff-scheck.de\/en\/schreiner-tischler\/\"},\"wordCount\":508,\"publisher\":{\"@id\":\"https:\/\/www.bischoff-scheck.de\/#organization\"},\"image\":{\"@id\":\"https:\/\/www.bischoff-scheck.de\/en\/schreiner-tischler\/#primaryimage\"},\"thumbnailUrl\":\"https:\/\/www.bischoff-scheck.de\/wp-content\/uploads\/2018\/02\/Schreiner1500x900px.jpg\",\"keywords\":[\"Bischoff+Scheck\",\"Bischoff+Scheck\",\"Holz\",\"Rheinm\u00fcnster\"],\"articleSection\":[\"Jobs\"],\"inLanguage\":\"en-US\"},{\"@type\":\"WebPage\",\"@id\":\"https:\/\/www.bischoff-scheck.de\/en\/schreiner-tischler\/\",\"url\":\"https:\/\/www.bischoff-scheck.de\/en\/schreiner-tischler\/\",\"name\":\"Schreiner \/ Tischler (m\/w\/d) - bei Bischoff+Scheck AG\",\"isPartOf\":{\"@id\":\"https:\/\/www.bischoff-scheck.de\/#website\"},\"primaryImageOfPage\":{\"@id\":\"https:\/\/www.bischoff-scheck.de\/en\/schreiner-tischler\/#primaryimage\"},\"image\":{\"@id\":\"https:\/\/www.bischoff-scheck.de\/en\/schreiner-tischler\/#primaryimage\"},\"thumbnailUrl\":\"https:\/\/www.bischoff-scheck.de\/wp-content\/uploads\/2018\/02\/Schreiner1500x900px.jpg\",\"datePublished\":\"2020-02-14T08:13:14+00:00\",\"dateModified\":\"2021-07-15T10:42:39+00:00\",\"description\":\"Stellenangebot: Schreiner \/ Tischler (m\/w\/d) - Zum n\u00e4chstm\u00f6glichen Zeitpunkt suchen wir f\u00fcr unseren Standort in Rheinm\u00fcnster\",\"breadcrumb\":{\"@id\":\"https:\/\/www.bischoff-scheck.de\/en\/schreiner-tischler\/#breadcrumb\"},\"inLanguage\":\"en-US\",\"potentialAction\":[{\"@type\":\"ReadAction\",\"target\":[\"https:\/\/www.bischoff-scheck.de\/en\/schreiner-tischler\/\"]}]},{\"@type\":\"ImageObject\",\"inLanguage\":\"en-US\",\"@id\":\"https:\/\/www.bischoff-scheck.de\/en\/schreiner-tischler\/#primaryimage\",\"url\":\"https:\/\/www.bischoff-scheck.de\/wp-content\/uploads\/2018\/02\/Schreiner1500x900px.jpg\",\"contentUrl\":\"https:\/\/www.bischoff-scheck.de\/wp-content\/uploads\/2018\/02\/Schreiner1500x900px.jpg\",\"width\":1500,\"height\":900,\"caption\":\"Bild Schreiner \/ Tischler\"},{\"@type\":\"BreadcrumbList\",\"@id\":\"https:\/\/www.bischoff-scheck.de\/en\/schreiner-tischler\/#breadcrumb\",\"itemListElement\":[{\"@type\":\"ListItem\",\"position\":1,\"name\":\"Startseite\",\"item\":\"https:\/\/www.bischoff-scheck.de\/en\/\"},{\"@type\":\"ListItem\",\"position\":2,\"name\":\"Schreiner \/ Tischler (m\/w\/d)\"}]},{\"@type\":\"WebSite\",\"@id\":\"https:\/\/www.bischoff-scheck.de\/#website\",\"url\":\"https:\/\/www.bischoff-scheck.de\/\",\"name\":\"Bischoff + Scheck GmbH - Spezialisten im Fahrzeugbau\",\"description\":\"Moving Ideas\",\"publisher\":{\"@id\":\"https:\/\/www.bischoff-scheck.de\/#organization\"},\"potentialAction\":[{\"@type\":\"SearchAction\",\"target\":{\"@type\":\"EntryPoint\",\"urlTemplate\":\"https:\/\/www.bischoff-scheck.de\/?s={search_term_string}\"},\"query-input\":{\"@type\":\"PropertyValueSpecification\",\"valueRequired\":true,\"valueName\":\"search_term_string\"}}],\"inLanguage\":\"en-US\"},{\"@type\":\"Organization\",\"@id\":\"https:\/\/www.bischoff-scheck.de\/#organization\",\"name\":\"Bischoff + Scheck AG\",\"url\":\"https:\/\/www.bischoff-scheck.de\/\",\"logo\":{\"@type\":\"ImageObject\",\"inLanguage\":\"en-US\",\"@id\":\"https:\/\/www.bischoff-scheck.de\/#\/schema\/logo\/image\/\",\"url\":\"https:\/\/www.bischoff-scheck.de\/wp-content\/uploads\/2020\/12\/BS_Wortmarke_Black-1.png\",\"contentUrl\":\"https:\/\/www.bischoff-scheck.de\/wp-content\/uploads\/2020\/12\/BS_Wortmarke_Black-1.png\",\"width\":1030,\"height\":105,\"caption\":\"Bischoff + Scheck AG\"},\"image\":{\"@id\":\"https:\/\/www.bischoff-scheck.de\/#\/schema\/logo\/image\/\"}},{\"@type\":\"Person\",\"@id\":\"https:\/\/www.bischoff-scheck.de\/#\/schema\/person\/c1da4d6fcc522f862dfcb5df6d07a3f5\",\"name\":\"jm-ad\",\"url\":\"https:\/\/www.bischoff-scheck.de\/en\/author\/jm-ad\/\"}]}<\/script>\n<!-- \/ Yoast SEO Premium plugin. -->","yoast_head_json":{"title":"Schreiner \/ Tischler (m\/w\/d) - bei Bischoff+Scheck AG","description":"Stellenangebot: Schreiner \/ Tischler (m\/w\/d) - Zum n\u00e4chstm\u00f6glichen Zeitpunkt suchen wir f\u00fcr unseren Standort in Rheinm\u00fcnster","robots":{"index":"index","follow":"follow","max-snippet":"max-snippet:-1","max-image-preview":"max-image-preview:large","max-video-preview":"max-video-preview:-1"},"canonical":"https:\/\/www.bischoff-scheck.de\/en\/schreiner-tischler\/","og_locale":"en_US","og_type":"article","og_title":"Schreiner \/ Tischler (m\/w\/d)","og_description":"Stellenangebot: Schreiner \/ Tischler (m\/w\/d) - Zum n\u00e4chstm\u00f6glichen Zeitpunkt suchen wir f\u00fcr unseren Standort in Rheinm\u00fcnster","og_url":"https:\/\/www.bischoff-scheck.de\/en\/schreiner-tischler\/","og_site_name":"Bischoff + Scheck GmbH - Spezialisten im Fahrzeugbau","article_published_time":"2020-02-14T08:13:14+00:00","article_modified_time":"2021-07-15T10:42:39+00:00","og_image":[{"width":1500,"height":900,"url":"https:\/\/www.bischoff-scheck.de\/wp-content\/uploads\/2018\/02\/Schreiner1500x900px.jpg","type":"image\/jpeg"}],"author":"jm-ad","twitter_card":"summary_large_image","twitter_misc":{"Written by":"jm-ad","Est. reading time":"3 minutes"},"schema":{"@context":"https:\/\/schema.org","@graph":[{"@type":"Article","@id":"https:\/\/www.bischoff-scheck.de\/en\/schreiner-tischler\/#article","isPartOf":{"@id":"https:\/\/www.bischoff-scheck.de\/en\/schreiner-tischler\/"},"author":{"name":"jm-ad","@id":"https:\/\/www.bischoff-scheck.de\/#\/schema\/person\/c1da4d6fcc522f862dfcb5df6d07a3f5"},"headline":"Schreiner \/ Tischler (m\/w\/d)","datePublished":"2020-02-14T08:13:14+00:00","dateModified":"2021-07-15T10:42:39+00:00","mainEntityOfPage":{"@id":"https:\/\/www.bischoff-scheck.de\/en\/schreiner-tischler\/"},"wordCount":508,"publisher":{"@id":"https:\/\/www.bischoff-scheck.de\/#organization"},"image":{"@id":"https:\/\/www.bischoff-scheck.de\/en\/schreiner-tischler\/#primaryimage"},"thumbnailUrl":"https:\/\/www.bischoff-scheck.de\/wp-content\/uploads\/2018\/02\/Schreiner1500x900px.jpg","keywords":["Bischoff+Scheck","Bischoff+Scheck","Holz","Rheinm\u00fcnster"],"articleSection":["Jobs"],"inLanguage":"en-US"},{"@type":"WebPage","@id":"https:\/\/www.bischoff-scheck.de\/en\/schreiner-tischler\/","url":"https:\/\/www.bischoff-scheck.de\/en\/schreiner-tischler\/","name":"Schreiner \/ Tischler (m\/w\/d) - bei Bischoff+Scheck AG","isPartOf":{"@id":"https:\/\/www.bischoff-scheck.de\/#website"},"primaryImageOfPage":{"@id":"https:\/\/www.bischoff-scheck.de\/en\/schreiner-tischler\/#primaryimage"},"image":{"@id":"https:\/\/www.bischoff-scheck.de\/en\/schreiner-tischler\/#primaryimage"},"thumbnailUrl":"https:\/\/www.bischoff-scheck.de\/wp-content\/uploads\/2018\/02\/Schreiner1500x900px.jpg","datePublished":"2020-02-14T08:13:14+00:00","dateModified":"2021-07-15T10:42:39+00:00","description":"Stellenangebot: Schreiner \/ Tischler (m\/w\/d) - Zum n\u00e4chstm\u00f6glichen Zeitpunkt suchen wir f\u00fcr unseren Standort in Rheinm\u00fcnster","breadcrumb":{"@id":"https:\/\/www.bischoff-scheck.de\/en\/schreiner-tischler\/#breadcrumb"},"inLanguage":"en-US","potentialAction":[{"@type":"ReadAction","target":["https:\/\/www.bischoff-scheck.de\/en\/schreiner-tischler\/"]}]},{"@type":"ImageObject","inLanguage":"en-US","@id":"https:\/\/www.bischoff-scheck.de\/en\/schreiner-tischler\/#primaryimage","url":"https:\/\/www.bischoff-scheck.de\/wp-content\/uploads\/2018\/02\/Schreiner1500x900px.jpg","contentUrl":"https:\/\/www.bischoff-scheck.de\/wp-content\/uploads\/2018\/02\/Schreiner1500x900px.jpg","width":1500,"height":900,"caption":"Bild Schreiner \/ Tischler"},{"@type":"BreadcrumbList","@id":"https:\/\/www.bischoff-scheck.de\/en\/schreiner-tischler\/#breadcrumb","itemListElement":[{"@type":"ListItem","position":1,"name":"Startseite","item":"https:\/\/www.bischoff-scheck.de\/en\/"},{"@type":"ListItem","position":2,"name":"Schreiner \/ Tischler (m\/w\/d)"}]},{"@type":"WebSite","@id":"https:\/\/www.bischoff-scheck.de\/#website","url":"https:\/\/www.bischoff-scheck.de\/","name":"Bischoff + Scheck GmbH - Spezialisten im Fahrzeugbau","description":"Moving Ideas","publisher":{"@id":"https:\/\/www.bischoff-scheck.de\/#organization"},"potentialAction":[{"@type":"SearchAction","target":{"@type":"EntryPoint","urlTemplate":"https:\/\/www.bischoff-scheck.de\/?s={search_term_string}"},"query-input":{"@type":"PropertyValueSpecification","valueRequired":true,"valueName":"search_term_string"}}],"inLanguage":"en-US"},{"@type":"Organization","@id":"https:\/\/www.bischoff-scheck.de\/#organization","name":"Bischoff + Scheck AG","url":"https:\/\/www.bischoff-scheck.de\/","logo":{"@type":"ImageObject","inLanguage":"en-US","@id":"https:\/\/www.bischoff-scheck.de\/#\/schema\/logo\/image\/","url":"https:\/\/www.bischoff-scheck.de\/wp-content\/uploads\/2020\/12\/BS_Wortmarke_Black-1.png","contentUrl":"https:\/\/www.bischoff-scheck.de\/wp-content\/uploads\/2020\/12\/BS_Wortmarke_Black-1.png","width":1030,"height":105,"caption":"Bischoff + Scheck AG"},"image":{"@id":"https:\/\/www.bischoff-scheck.de\/#\/schema\/logo\/image\/"}},{"@type":"Person","@id":"https:\/\/www.bischoff-scheck.de\/#\/schema\/person\/c1da4d6fcc522f862dfcb5df6d07a3f5","name":"jm-ad","url":"https:\/\/www.bischoff-scheck.de\/en\/author\/jm-ad\/"}]}},"_links":{"self":[{"href":"https:\/\/www.bischoff-scheck.de\/en\/wp-json\/wp\/v2\/posts\/13395","targetHints":{"allow":["GET"]}}],"collection":[{"href":"https:\/\/www.bischoff-scheck.de\/en\/wp-json\/wp\/v2\/posts"}],"about":[{"href":"https:\/\/www.bischoff-scheck.de\/en\/wp-json\/wp\/v2\/types\/post"}],"author":[{"embeddable":true,"href":"https:\/\/www.bischoff-scheck.de\/en\/wp-json\/wp\/v2\/users\/7"}],"replies":[{"embeddable":true,"href":"https:\/\/www.bischoff-scheck.de\/en\/wp-json\/wp\/v2\/comments?post=13395"}],"version-history":[{"count":17,"href":"https:\/\/www.bischoff-scheck.de\/en\/wp-json\/wp\/v2\/posts\/13395\/revisions"}],"predecessor-version":[{"id":16716,"href":"https:\/\/www.bischoff-scheck.de\/en\/wp-json\/wp\/v2\/posts\/13395\/revisions\/16716"}],"wp:featuredmedia":[{"embeddable":true,"href":"https:\/\/www.bischoff-scheck.de\/en\/wp-json\/wp\/v2\/media\/11704"}],"wp:attachment":[{"href":"https:\/\/www.bischoff-scheck.de\/en\/wp-json\/wp\/v2\/media?parent=13395"}],"wp:term":[{"taxonomy":"category","embeddable":true,"href":"https:\/\/www.bischoff-scheck.de\/en\/wp-json\/wp\/v2\/categories?post=13395"},{"taxonomy":"post_tag","embeddable":true,"href":"https:\/\/www.bischoff-scheck.de\/en\/wp-json\/wp\/v2\/tags?post=13395"}],"curies":[{"name":"wp","href":"https:\/\/api.w.org\/{rel}","templated":true}]}}