{"id":13391,"date":"2020-02-14T09:05:53","date_gmt":"2020-02-14T08:05:53","guid":{"rendered":"https:\/\/www.bischoff-scheck.de\/montageschreiner-m-w-d\/"},"modified":"2021-07-15T12:43:07","modified_gmt":"2021-07-15T10:43:07","slug":"montageschreiner","status":"publish","type":"post","link":"https:\/\/www.bischoff-scheck.de\/en\/montageschreiner\/","title":{"rendered":"Montageschreiner (m\/w\/d)"},"content":{"rendered":"<div class=\"flex_column av_one_full  flex_column_div av-zero-column-padding first  avia-builder-el-0  el_before_av_one_full  avia-builder-el-first  \" style='border-radius:0px; '><\/div>\n<div class=\"flex_column av_one_full  flex_column_div av-zero-column-padding first  avia-builder-el-1  el_after_av_one_full  el_before_av_one_full  column-top-margin\" style='border-radius:0px; '><\/div>\n<div class=\"flex_column av_one_full  flex_column_div av-zero-column-padding first  avia-builder-el-2  el_after_av_one_full  el_before_av_textblock  column-top-margin\" style='border-radius:0px; '><\/div>\n<section class=\"av_textblock_section \"  itemscope=\"itemscope\" itemtype=\"https:\/\/schema.org\/BlogPosting\" itemprop=\"blogPost\" ><div class='avia_textblock  '   itemprop=\"text\" ><p>Die Bischoff + Scheck AG entwickelt Spezialfahrzeuge mit breiten Anwendungsm\u00f6glichkeiten. Von unserem Sitz am Baden Airpark in Rheinm\u00fcnster s\u00fcdlich von Karlsruhe, gehen unsere Fahrzeuge um die ganze Welt. Auf unserem Gebiet sind wir f\u00fchrend \u2013 unsere Premiumfahrzeuge werden von den besten Rennteams diverser Motorsportarten und f\u00fcr die bekanntesten Brands genutzt. Mit mehr als 70 Mitarbeiter*innen fertigen wir Spezialtrucks der besonderen Art \u2013 vom Offroad-Wohnmobil, \u00fcber mobile Labore bis hin zu Racetrailern und Motorhomes f\u00fcr die Formel 1.<\/p>\n<p><strong>Als st\u00e4ndig wachsendes Unternehmen sind wir immer auf der Suche nach engagierten Pers\u00f6nlichkeiten f\u00fcr unsere anspruchsvollen Projekte, denn ein hochqualifiziertes und motiviertes Team ist die Basis unseres Erfolgs. <\/strong><\/p>\n<p>Wir suchen zum n\u00e4chstm\u00f6glichen Zeitpunkt f\u00fcr unseren Standort in Rheinm\u00fcnster eine\/n<\/p>\n<h1>Montageschreiner (m\/w\/d)<\/h1>\n<h3><\/h3>\n<h3><br class=\"avia-permanent-lb\" \/>Ihre Aufgaben:<\/h3>\n<ul>\n<li>Allgemeine Schreinert\u00e4tigkeit<\/li>\n<li>Einbau von vorgefertigten M\u00f6belteilen, Wandverkleidung und vorgefertigten M\u00f6beln aller Art <br class=\"avia-permanent-lb\" \/><br class=\"avia-permanent-lb\" \/><\/li>\n<\/ul>\n<h3>Ihr Profil:<\/h3>\n<ul>\n<li>Abgeschlossene Ausbildung zum Schreiner (m\/w\/d)<\/li>\n<li>Mehrj\u00e4hrige Erfahrung als Schreiner und bestenfalls Vorarbeiter (m\/w\/d)<\/li>\n<li>Teamf\u00e4higkeit<\/li>\n<li>Eigenverantwortliches Arbeiten<\/li>\n<li>Teamf\u00e4higkeit und Engagement <br class=\"avia-permanent-lb\" \/><br class=\"avia-permanent-lb\" \/><\/li>\n<\/ul>\n<h3>Wir bieten:<\/h3>\n<ul>\n<li>Unbefristeter Arbeitsvertrag<\/li>\n<li>Leistungsorientierte Verg\u00fctung<\/li>\n<li>Betriebliche Altersvorsorge<\/li>\n<li>Firmenbike<\/li>\n<li>Firmenunfallversicherung<br class=\"avia-permanent-lb\" \/><br class=\"avia-permanent-lb\" \/><\/li>\n<\/ul>\n<h3>Interesse?<\/h3>\n<p>Wenn Sie an dieser spannenden und abwechslungsreichen Aufgabe interessiert sind, freuen wir uns \u00fcber die Zusendung Ihrer vollst\u00e4ndigen Bewerbungsunterlagen ausschlie\u00dflich per Mail an <a href=\"mailto:bewerbung@bischoff-scheck.de\">bewerbung@bischoff-scheck.de<\/a> mit Angabe Ihrer Gehaltsvorstellung und Ihres fr\u00fchestm\u00f6glichen Einstiegstermins.<\/p>\n<\/div><\/section>\n","protected":false},"excerpt":{"rendered":"","protected":false},"author":7,"featured_media":11703,"comment_status":"closed","ping_status":"closed","sticky":false,"template":"","format":"standard","meta":{"_acf_changed":false,"footnotes":""},"categories":[110],"tags":[228,590,595],"class_list":["post-13391","post","type-post","status-publish","format-standard","has-post-thumbnail","hentry","category-jobs-en","tag-bischoffscheck-en","tag-holz-en","tag-montageschreiner-en"],"acf":[],"yoast_head":"<!-- This site is optimized with the Yoast SEO Premium plugin v27.1 (Yoast SEO v27.1.1) - https:\/\/yoast.com\/product\/yoast-seo-premium-wordpress\/ -->\n<title>Montageschreiner (m\/w\/d) - bei Bischoff+Scheck AG<\/title>\n<meta name=\"description\" content=\"Stellenangebot: Montageschreiner (m\/w\/d) - Zum n\u00e4chstm\u00f6glichen Zeitpunkt suchen wir f\u00fcr unseren Standort in Rheinm\u00fcnster\" \/>\n<meta name=\"robots\" content=\"noindex, nofollow\" \/>\n<meta property=\"og:locale\" content=\"en_US\" \/>\n<meta property=\"og:type\" content=\"article\" \/>\n<meta property=\"og:title\" content=\"Montageschreiner (m\/w\/d)\" \/>\n<meta property=\"og:description\" content=\"Stellenangebot: Montageschreiner (m\/w\/d) - Zum n\u00e4chstm\u00f6glichen Zeitpunkt suchen wir f\u00fcr unseren Standort in Rheinm\u00fcnster\" \/>\n<meta property=\"og:url\" content=\"https:\/\/www.bischoff-scheck.de\/en\/montageschreiner\/\" \/>\n<meta property=\"og:site_name\" content=\"Bischoff + Scheck GmbH - Spezialisten im Fahrzeugbau\" \/>\n<meta property=\"article:published_time\" content=\"2020-02-14T08:05:53+00:00\" \/>\n<meta property=\"article:modified_time\" content=\"2021-07-15T10:43:07+00:00\" \/>\n<meta property=\"og:image\" content=\"https:\/\/www.bischoff-scheck.de\/wp-content\/uploads\/2018\/02\/Montageschreiner1500x900px.jpg\" \/>\n\t<meta property=\"og:image:width\" content=\"1500\" \/>\n\t<meta property=\"og:image:height\" content=\"900\" \/>\n\t<meta property=\"og:image:type\" content=\"image\/jpeg\" \/>\n<meta name=\"author\" content=\"jm-ad\" \/>\n<meta name=\"twitter:card\" content=\"summary_large_image\" \/>\n<meta name=\"twitter:label1\" content=\"Written by\" \/>\n\t<meta name=\"twitter:data1\" content=\"jm-ad\" \/>\n\t<meta name=\"twitter:label2\" content=\"Est. reading time\" \/>\n\t<meta name=\"twitter:data2\" content=\"3 minutes\" \/>\n<script type=\"application\/ld+json\" class=\"yoast-schema-graph\">{\"@context\":\"https:\/\/schema.org\",\"@graph\":[{\"@type\":\"Article\",\"@id\":\"https:\/\/www.bischoff-scheck.de\/en\/montageschreiner\/#article\",\"isPartOf\":{\"@id\":\"https:\/\/www.bischoff-scheck.de\/en\/montageschreiner\/\"},\"author\":{\"name\":\"jm-ad\",\"@id\":\"https:\/\/www.bischoff-scheck.de\/#\/schema\/person\/c1da4d6fcc522f862dfcb5df6d07a3f5\"},\"headline\":\"Montageschreiner (m\/w\/d)\",\"datePublished\":\"2020-02-14T08:05:53+00:00\",\"dateModified\":\"2021-07-15T10:43:07+00:00\",\"mainEntityOfPage\":{\"@id\":\"https:\/\/www.bischoff-scheck.de\/en\/montageschreiner\/\"},\"wordCount\":511,\"publisher\":{\"@id\":\"https:\/\/www.bischoff-scheck.de\/#organization\"},\"image\":{\"@id\":\"https:\/\/www.bischoff-scheck.de\/en\/montageschreiner\/#primaryimage\"},\"thumbnailUrl\":\"https:\/\/www.bischoff-scheck.de\/wp-content\/uploads\/2018\/02\/Montageschreiner1500x900px.jpg\",\"keywords\":[\"Bischoff+Scheck\",\"Holz\",\"Montageschreiner\"],\"articleSection\":[\"Jobs\"],\"inLanguage\":\"en-US\"},{\"@type\":\"WebPage\",\"@id\":\"https:\/\/www.bischoff-scheck.de\/en\/montageschreiner\/\",\"url\":\"https:\/\/www.bischoff-scheck.de\/en\/montageschreiner\/\",\"name\":\"Montageschreiner (m\/w\/d) - bei Bischoff+Scheck AG\",\"isPartOf\":{\"@id\":\"https:\/\/www.bischoff-scheck.de\/#website\"},\"primaryImageOfPage\":{\"@id\":\"https:\/\/www.bischoff-scheck.de\/en\/montageschreiner\/#primaryimage\"},\"image\":{\"@id\":\"https:\/\/www.bischoff-scheck.de\/en\/montageschreiner\/#primaryimage\"},\"thumbnailUrl\":\"https:\/\/www.bischoff-scheck.de\/wp-content\/uploads\/2018\/02\/Montageschreiner1500x900px.jpg\",\"datePublished\":\"2020-02-14T08:05:53+00:00\",\"dateModified\":\"2021-07-15T10:43:07+00:00\",\"description\":\"Stellenangebot: Montageschreiner (m\/w\/d) - Zum n\u00e4chstm\u00f6glichen Zeitpunkt suchen wir f\u00fcr unseren Standort in Rheinm\u00fcnster\",\"breadcrumb\":{\"@id\":\"https:\/\/www.bischoff-scheck.de\/en\/montageschreiner\/#breadcrumb\"},\"inLanguage\":\"en-US\",\"potentialAction\":[{\"@type\":\"ReadAction\",\"target\":[\"https:\/\/www.bischoff-scheck.de\/en\/montageschreiner\/\"]}]},{\"@type\":\"ImageObject\",\"inLanguage\":\"en-US\",\"@id\":\"https:\/\/www.bischoff-scheck.de\/en\/montageschreiner\/#primaryimage\",\"url\":\"https:\/\/www.bischoff-scheck.de\/wp-content\/uploads\/2018\/02\/Montageschreiner1500x900px.jpg\",\"contentUrl\":\"https:\/\/www.bischoff-scheck.de\/wp-content\/uploads\/2018\/02\/Montageschreiner1500x900px.jpg\",\"width\":1500,\"height\":900,\"caption\":\"Bild Montageschreiner\"},{\"@type\":\"BreadcrumbList\",\"@id\":\"https:\/\/www.bischoff-scheck.de\/en\/montageschreiner\/#breadcrumb\",\"itemListElement\":[{\"@type\":\"ListItem\",\"position\":1,\"name\":\"Startseite\",\"item\":\"https:\/\/www.bischoff-scheck.de\/en\/\"},{\"@type\":\"ListItem\",\"position\":2,\"name\":\"Montageschreiner (m\/w\/d)\"}]},{\"@type\":\"WebSite\",\"@id\":\"https:\/\/www.bischoff-scheck.de\/#website\",\"url\":\"https:\/\/www.bischoff-scheck.de\/\",\"name\":\"Bischoff + Scheck GmbH - Spezialisten im Fahrzeugbau\",\"description\":\"Moving Ideas\",\"publisher\":{\"@id\":\"https:\/\/www.bischoff-scheck.de\/#organization\"},\"potentialAction\":[{\"@type\":\"SearchAction\",\"target\":{\"@type\":\"EntryPoint\",\"urlTemplate\":\"https:\/\/www.bischoff-scheck.de\/?s={search_term_string}\"},\"query-input\":{\"@type\":\"PropertyValueSpecification\",\"valueRequired\":true,\"valueName\":\"search_term_string\"}}],\"inLanguage\":\"en-US\"},{\"@type\":\"Organization\",\"@id\":\"https:\/\/www.bischoff-scheck.de\/#organization\",\"name\":\"Bischoff + Scheck AG\",\"url\":\"https:\/\/www.bischoff-scheck.de\/\",\"logo\":{\"@type\":\"ImageObject\",\"inLanguage\":\"en-US\",\"@id\":\"https:\/\/www.bischoff-scheck.de\/#\/schema\/logo\/image\/\",\"url\":\"https:\/\/www.bischoff-scheck.de\/wp-content\/uploads\/2020\/12\/BS_Wortmarke_Black-1.png\",\"contentUrl\":\"https:\/\/www.bischoff-scheck.de\/wp-content\/uploads\/2020\/12\/BS_Wortmarke_Black-1.png\",\"width\":1030,\"height\":105,\"caption\":\"Bischoff + Scheck AG\"},\"image\":{\"@id\":\"https:\/\/www.bischoff-scheck.de\/#\/schema\/logo\/image\/\"}},{\"@type\":\"Person\",\"@id\":\"https:\/\/www.bischoff-scheck.de\/#\/schema\/person\/c1da4d6fcc522f862dfcb5df6d07a3f5\",\"name\":\"jm-ad\",\"url\":\"https:\/\/www.bischoff-scheck.de\/en\/author\/jm-ad\/\"}]}<\/script>\n<!-- \/ Yoast SEO Premium plugin. -->","yoast_head_json":{"title":"Montageschreiner (m\/w\/d) - bei Bischoff+Scheck AG","description":"Stellenangebot: Montageschreiner (m\/w\/d) - Zum n\u00e4chstm\u00f6glichen Zeitpunkt suchen wir f\u00fcr unseren Standort in Rheinm\u00fcnster","robots":{"index":"noindex","follow":"nofollow"},"og_locale":"en_US","og_type":"article","og_title":"Montageschreiner (m\/w\/d)","og_description":"Stellenangebot: Montageschreiner (m\/w\/d) - Zum n\u00e4chstm\u00f6glichen Zeitpunkt suchen wir f\u00fcr unseren Standort in Rheinm\u00fcnster","og_url":"https:\/\/www.bischoff-scheck.de\/en\/montageschreiner\/","og_site_name":"Bischoff + Scheck GmbH - Spezialisten im Fahrzeugbau","article_published_time":"2020-02-14T08:05:53+00:00","article_modified_time":"2021-07-15T10:43:07+00:00","og_image":[{"width":1500,"height":900,"url":"https:\/\/www.bischoff-scheck.de\/wp-content\/uploads\/2018\/02\/Montageschreiner1500x900px.jpg","type":"image\/jpeg"}],"author":"jm-ad","twitter_card":"summary_large_image","twitter_misc":{"Written by":"jm-ad","Est. reading time":"3 minutes"},"schema":{"@context":"https:\/\/schema.org","@graph":[{"@type":"Article","@id":"https:\/\/www.bischoff-scheck.de\/en\/montageschreiner\/#article","isPartOf":{"@id":"https:\/\/www.bischoff-scheck.de\/en\/montageschreiner\/"},"author":{"name":"jm-ad","@id":"https:\/\/www.bischoff-scheck.de\/#\/schema\/person\/c1da4d6fcc522f862dfcb5df6d07a3f5"},"headline":"Montageschreiner (m\/w\/d)","datePublished":"2020-02-14T08:05:53+00:00","dateModified":"2021-07-15T10:43:07+00:00","mainEntityOfPage":{"@id":"https:\/\/www.bischoff-scheck.de\/en\/montageschreiner\/"},"wordCount":511,"publisher":{"@id":"https:\/\/www.bischoff-scheck.de\/#organization"},"image":{"@id":"https:\/\/www.bischoff-scheck.de\/en\/montageschreiner\/#primaryimage"},"thumbnailUrl":"https:\/\/www.bischoff-scheck.de\/wp-content\/uploads\/2018\/02\/Montageschreiner1500x900px.jpg","keywords":["Bischoff+Scheck","Holz","Montageschreiner"],"articleSection":["Jobs"],"inLanguage":"en-US"},{"@type":"WebPage","@id":"https:\/\/www.bischoff-scheck.de\/en\/montageschreiner\/","url":"https:\/\/www.bischoff-scheck.de\/en\/montageschreiner\/","name":"Montageschreiner (m\/w\/d) - bei Bischoff+Scheck AG","isPartOf":{"@id":"https:\/\/www.bischoff-scheck.de\/#website"},"primaryImageOfPage":{"@id":"https:\/\/www.bischoff-scheck.de\/en\/montageschreiner\/#primaryimage"},"image":{"@id":"https:\/\/www.bischoff-scheck.de\/en\/montageschreiner\/#primaryimage"},"thumbnailUrl":"https:\/\/www.bischoff-scheck.de\/wp-content\/uploads\/2018\/02\/Montageschreiner1500x900px.jpg","datePublished":"2020-02-14T08:05:53+00:00","dateModified":"2021-07-15T10:43:07+00:00","description":"Stellenangebot: Montageschreiner (m\/w\/d) - Zum n\u00e4chstm\u00f6glichen Zeitpunkt suchen wir f\u00fcr unseren Standort in Rheinm\u00fcnster","breadcrumb":{"@id":"https:\/\/www.bischoff-scheck.de\/en\/montageschreiner\/#breadcrumb"},"inLanguage":"en-US","potentialAction":[{"@type":"ReadAction","target":["https:\/\/www.bischoff-scheck.de\/en\/montageschreiner\/"]}]},{"@type":"ImageObject","inLanguage":"en-US","@id":"https:\/\/www.bischoff-scheck.de\/en\/montageschreiner\/#primaryimage","url":"https:\/\/www.bischoff-scheck.de\/wp-content\/uploads\/2018\/02\/Montageschreiner1500x900px.jpg","contentUrl":"https:\/\/www.bischoff-scheck.de\/wp-content\/uploads\/2018\/02\/Montageschreiner1500x900px.jpg","width":1500,"height":900,"caption":"Bild Montageschreiner"},{"@type":"BreadcrumbList","@id":"https:\/\/www.bischoff-scheck.de\/en\/montageschreiner\/#breadcrumb","itemListElement":[{"@type":"ListItem","position":1,"name":"Startseite","item":"https:\/\/www.bischoff-scheck.de\/en\/"},{"@type":"ListItem","position":2,"name":"Montageschreiner (m\/w\/d)"}]},{"@type":"WebSite","@id":"https:\/\/www.bischoff-scheck.de\/#website","url":"https:\/\/www.bischoff-scheck.de\/","name":"Bischoff + Scheck GmbH - Spezialisten im Fahrzeugbau","description":"Moving Ideas","publisher":{"@id":"https:\/\/www.bischoff-scheck.de\/#organization"},"potentialAction":[{"@type":"SearchAction","target":{"@type":"EntryPoint","urlTemplate":"https:\/\/www.bischoff-scheck.de\/?s={search_term_string}"},"query-input":{"@type":"PropertyValueSpecification","valueRequired":true,"valueName":"search_term_string"}}],"inLanguage":"en-US"},{"@type":"Organization","@id":"https:\/\/www.bischoff-scheck.de\/#organization","name":"Bischoff + Scheck AG","url":"https:\/\/www.bischoff-scheck.de\/","logo":{"@type":"ImageObject","inLanguage":"en-US","@id":"https:\/\/www.bischoff-scheck.de\/#\/schema\/logo\/image\/","url":"https:\/\/www.bischoff-scheck.de\/wp-content\/uploads\/2020\/12\/BS_Wortmarke_Black-1.png","contentUrl":"https:\/\/www.bischoff-scheck.de\/wp-content\/uploads\/2020\/12\/BS_Wortmarke_Black-1.png","width":1030,"height":105,"caption":"Bischoff + Scheck AG"},"image":{"@id":"https:\/\/www.bischoff-scheck.de\/#\/schema\/logo\/image\/"}},{"@type":"Person","@id":"https:\/\/www.bischoff-scheck.de\/#\/schema\/person\/c1da4d6fcc522f862dfcb5df6d07a3f5","name":"jm-ad","url":"https:\/\/www.bischoff-scheck.de\/en\/author\/jm-ad\/"}]}},"_links":{"self":[{"href":"https:\/\/www.bischoff-scheck.de\/en\/wp-json\/wp\/v2\/posts\/13391","targetHints":{"allow":["GET"]}}],"collection":[{"href":"https:\/\/www.bischoff-scheck.de\/en\/wp-json\/wp\/v2\/posts"}],"about":[{"href":"https:\/\/www.bischoff-scheck.de\/en\/wp-json\/wp\/v2\/types\/post"}],"author":[{"embeddable":true,"href":"https:\/\/www.bischoff-scheck.de\/en\/wp-json\/wp\/v2\/users\/7"}],"replies":[{"embeddable":true,"href":"https:\/\/www.bischoff-scheck.de\/en\/wp-json\/wp\/v2\/comments?post=13391"}],"version-history":[{"count":9,"href":"https:\/\/www.bischoff-scheck.de\/en\/wp-json\/wp\/v2\/posts\/13391\/revisions"}],"predecessor-version":[{"id":16718,"href":"https:\/\/www.bischoff-scheck.de\/en\/wp-json\/wp\/v2\/posts\/13391\/revisions\/16718"}],"wp:featuredmedia":[{"embeddable":true,"href":"https:\/\/www.bischoff-scheck.de\/en\/wp-json\/wp\/v2\/media\/11703"}],"wp:attachment":[{"href":"https:\/\/www.bischoff-scheck.de\/en\/wp-json\/wp\/v2\/media?parent=13391"}],"wp:term":[{"taxonomy":"category","embeddable":true,"href":"https:\/\/www.bischoff-scheck.de\/en\/wp-json\/wp\/v2\/categories?post=13391"},{"taxonomy":"post_tag","embeddable":true,"href":"https:\/\/www.bischoff-scheck.de\/en\/wp-json\/wp\/v2\/tags?post=13391"}],"curies":[{"name":"wp","href":"https:\/\/api.w.org\/{rel}","templated":true}]}}